{"id":1780,"date":"2019-12-01T09:00:01","date_gmt":"2019-12-01T09:00:01","guid":{"rendered":"http:\/\/minibiblioplus.org\/?p=1780"},"modified":"2020-01-22T14:36:36","modified_gmt":"2020-01-22T14:36:36","slug":"benevole-du-mois-decembre-2019","status":"publish","type":"post","link":"https:\/\/www.minibiblioplus.org\/index.php\/2019\/12\/01\/benevole-du-mois-decembre-2019\/","title":{"rendered":"B\u00e9n\u00e9vole du mois &#8211; d\u00e9cembre 2019"},"content":{"rendered":"<p><strong><span style=\"color: #333399;\"> <img loading=\"lazy\" class=\"alignnone size-medium wp-image-1786\" src=\"https:\/\/minibiblioplus.org\/wp-content\/uploads\/2019\/11\/Tom-Photo-1-300x226.jpg\" alt=\"\" width=\"300\" height=\"226\" srcset=\"https:\/\/www.minibiblioplus.org\/wp-content\/uploads\/2019\/11\/Tom-Photo-1-300x226.jpg 300w, https:\/\/www.minibiblioplus.org\/wp-content\/uploads\/2019\/11\/Tom-Photo-1-768x579.jpg 768w, https:\/\/www.minibiblioplus.org\/wp-content\/uploads\/2019\/11\/Tom-Photo-1-1024x772.jpg 1024w\" sizes=\"(max-width: 300px) 100vw, 300px\" \/><\/span><\/strong><\/p>\n<h3><span style=\"color: #000000;\">B\u00e9n\u00e9vole du mois &#8211; d\u00e9cembre 2019<\/span><\/h3>\n<h2><span style=\"color: #3366ff;\"><strong>Tom Bagg<\/strong><\/span><\/h2>\n<p data-wp-editing=\"1\">J\u2019ai toujours voulu faire du b\u00e9n\u00e9volat dans une biblioth\u00e8que et j\u2019\u00e9tais int\u00e9ress\u00e9 par \u00a0<img loading=\"lazy\" class=\"alignnone\" src=\"https:\/\/minibiblioplus.org\/\/wp-content\/uploads\/2019\/08\/colour.png\" width=\"107\" height=\"14\" \/>\u00a0car c\u2019\u00e9tait une bonne cause et je voulais redonner \u00e0 la communaut\u00e9. C\u2019est une excellente occasion pour ceux qui aiment lire!<\/p>\n<p>&nbsp;<\/p>\n<p>&nbsp;<\/p>\n","protected":false},"excerpt":{"rendered":"<p>B\u00e9n\u00e9vole du mois &#8211; d\u00e9cembre 2019 Tom Bagg J\u2019ai toujours voulu faire du b\u00e9n\u00e9volat dans une biblioth\u00e8que et j\u2019\u00e9tais int\u00e9ress\u00e9 par \u00a0\u00a0car c\u2019\u00e9tait une bonne cause et je voulais redonner \u00e0 la communaut\u00e9. C\u2019est une excellente occasion pour ceux qui aiment lire! &nbsp; &nbsp;<\/p>\n","protected":false},"author":1,"featured_media":0,"comment_status":"closed","ping_status":"closed","sticky":false,"template":"","format":"standard","meta":{"om_disable_all_campaigns":false,"_monsterinsights_skip_tracking":false,"_monsterinsights_sitenote_active":false,"_monsterinsights_sitenote_note":"","_monsterinsights_sitenote_category":0},"categories":[44],"tags":[],"aioseo_notices":[],"_links":{"self":[{"href":"https:\/\/www.minibiblioplus.org\/index.php\/wp-json\/wp\/v2\/posts\/1780"}],"collection":[{"href":"https:\/\/www.minibiblioplus.org\/index.php\/wp-json\/wp\/v2\/posts"}],"about":[{"href":"https:\/\/www.minibiblioplus.org\/index.php\/wp-json\/wp\/v2\/types\/post"}],"author":[{"embeddable":true,"href":"https:\/\/www.minibiblioplus.org\/index.php\/wp-json\/wp\/v2\/users\/1"}],"replies":[{"embeddable":true,"href":"https:\/\/www.minibiblioplus.org\/index.php\/wp-json\/wp\/v2\/comments?post=1780"}],"version-history":[{"count":0,"href":"https:\/\/www.minibiblioplus.org\/index.php\/wp-json\/wp\/v2\/posts\/1780\/revisions"}],"wp:attachment":[{"href":"https:\/\/www.minibiblioplus.org\/index.php\/wp-json\/wp\/v2\/media?parent=1780"}],"wp:term":[{"taxonomy":"category","embeddable":true,"href":"https:\/\/www.minibiblioplus.org\/index.php\/wp-json\/wp\/v2\/categories?post=1780"},{"taxonomy":"post_tag","embeddable":true,"href":"https:\/\/www.minibiblioplus.org\/index.php\/wp-json\/wp\/v2\/tags?post=1780"}],"curies":[{"name":"wp","href":"https:\/\/api.w.org\/{rel}","templated":true}]}}