{"id":1924,"date":"2019-12-31T09:00:45","date_gmt":"2019-12-31T09:00:45","guid":{"rendered":"http:\/\/minibiblioplus.org\/?p=1924"},"modified":"2020-01-22T21:01:57","modified_gmt":"2020-01-22T21:01:57","slug":"benevole-de-lannee-2019","status":"publish","type":"post","link":"https:\/\/www.minibiblioplus.org\/index.php\/2019\/12\/31\/benevole-de-lannee-2019\/","title":{"rendered":"B\u00e9n\u00e9vole de l&#8217;ann\u00e9e &#8211; 2019"},"content":{"rendered":"<figure><img loading=\"lazy\" src=\"https:\/\/minibiblioplus.org\/wp-content\/uploads\/2019\/11\/Shamim-Christmas-Invitation-Photo_small-1.jpg\" sizes=\"(max-width: 360px) 100vw, 360px\" srcset=\"https:\/\/minibiblioplus.org\/wp-content\/uploads\/2019\/11\/Shamim-Christmas-Invitation-Photo_small-1.jpg 360w, https:\/\/minibiblioplus.org\/wp-content\/uploads\/2019\/11\/Shamim-Christmas-Invitation-Photo_small-1-239x300.jpg 239w\" alt=\"\" width=\"360\" height=\"452\" \/><\/figure>\n<h4>B\u00e9n\u00e9vole de l&#8217;ann\u00e9e &#8211; 2019!<\/h4>\n<h2><span style=\"color: #3366ff;\"><b>Shamim Khan<\/b><\/span><\/h2>\n<p>Shamim a emmen\u00e9 ses enfants au Fraser Hickson quand ils \u00e9taient jeunes et c&#8217;est pendant ces visites qu&#8217;elle a commenc\u00e9 \u00e0 souhaiter pouvoir travailler \u00e0 la biblioth\u00e8que. Shamim a commenc\u00e9 \u00e0 faire du b\u00e9n\u00e9volat au Fraser Hickson Institute en 1984 et a \u00e9t\u00e9 embauch\u00e9 au bout de deux mois. Elle a travaill\u00e9 jusqu\u2019\u00e0 la fermeture du Fraser Hickson en 2007 et a fait du b\u00e9n\u00e9volat aux diff\u00e9rents endroits o\u00f9 la biblioth\u00e8que a d\u00e9m\u00e9nag\u00e9, y compris \u00e0 son emplacement actuel au 3755 rue Botrel. Nous sommes tr\u00e8s reconnaissants pour le d\u00e9vouement et la g\u00e9n\u00e9rosit\u00e9 de Shamim au fil des ans.<\/p>\n","protected":false},"excerpt":{"rendered":"<p>B\u00e9n\u00e9vole de l&#8217;ann\u00e9e &#8211; 2019! Shamim Khan Shamim a emmen\u00e9 ses enfants au Fraser Hickson quand ils \u00e9taient jeunes et c&#8217;est pendant ces visites qu&#8217;elle a commenc\u00e9 \u00e0 souhaiter pouvoir travailler \u00e0 la biblioth\u00e8que. Shamim a commenc\u00e9 \u00e0 faire du b\u00e9n\u00e9volat au Fraser Hickson Institute en 1984 et a \u00e9t\u00e9 embauch\u00e9 au bout de deux mois. Elle a travaill\u00e9 jusqu\u2019\u00e0 la fermeture du Fraser Hickson en 2007 et a fait du b\u00e9n\u00e9volat aux diff\u00e9rents endroits o\u00f9 la biblioth\u00e8que a d\u00e9m\u00e9nag\u00e9,&hellip;<\/p>\n","protected":false},"author":1,"featured_media":0,"comment_status":"closed","ping_status":"closed","sticky":false,"template":"","format":"standard","meta":{"om_disable_all_campaigns":false,"_monsterinsights_skip_tracking":false,"_monsterinsights_sitenote_active":false,"_monsterinsights_sitenote_note":"","_monsterinsights_sitenote_category":0},"categories":[44],"tags":[],"aioseo_notices":[],"_links":{"self":[{"href":"https:\/\/www.minibiblioplus.org\/index.php\/wp-json\/wp\/v2\/posts\/1924"}],"collection":[{"href":"https:\/\/www.minibiblioplus.org\/index.php\/wp-json\/wp\/v2\/posts"}],"about":[{"href":"https:\/\/www.minibiblioplus.org\/index.php\/wp-json\/wp\/v2\/types\/post"}],"author":[{"embeddable":true,"href":"https:\/\/www.minibiblioplus.org\/index.php\/wp-json\/wp\/v2\/users\/1"}],"replies":[{"embeddable":true,"href":"https:\/\/www.minibiblioplus.org\/index.php\/wp-json\/wp\/v2\/comments?post=1924"}],"version-history":[{"count":0,"href":"https:\/\/www.minibiblioplus.org\/index.php\/wp-json\/wp\/v2\/posts\/1924\/revisions"}],"wp:attachment":[{"href":"https:\/\/www.minibiblioplus.org\/index.php\/wp-json\/wp\/v2\/media?parent=1924"}],"wp:term":[{"taxonomy":"category","embeddable":true,"href":"https:\/\/www.minibiblioplus.org\/index.php\/wp-json\/wp\/v2\/categories?post=1924"},{"taxonomy":"post_tag","embeddable":true,"href":"https:\/\/www.minibiblioplus.org\/index.php\/wp-json\/wp\/v2\/tags?post=1924"}],"curies":[{"name":"wp","href":"https:\/\/api.w.org\/{rel}","templated":true}]}}