{"id":2036,"date":"2019-12-23T14:35:52","date_gmt":"2019-12-23T14:35:52","guid":{"rendered":"http:\/\/minibiblioplus.org\/?p=2036"},"modified":"2020-03-09T15:10:30","modified_gmt":"2020-03-09T15:10:30","slug":"fete-de-bureau-2019","status":"publish","type":"post","link":"https:\/\/www.minibiblioplus.org\/index.php\/2019\/12\/23\/fete-de-bureau-2019\/","title":{"rendered":"F\u00eate de bureau 2019"},"content":{"rendered":"<p>&nbsp;<\/p>\n<p><img loading=\"lazy\" class=\"alignnone wp-image-2223 size-medium\" src=\"https:\/\/minibiblioplus.org\/wp-content\/uploads\/2019\/12\/Christmas-Party-16--e1583766624486-300x179.jpg\" alt=\"\" width=\"300\" height=\"179\" srcset=\"https:\/\/www.minibiblioplus.org\/wp-content\/uploads\/2019\/12\/Christmas-Party-16--e1583766624486-300x179.jpg 300w, https:\/\/www.minibiblioplus.org\/wp-content\/uploads\/2019\/12\/Christmas-Party-16--e1583766624486-768x457.jpg 768w, https:\/\/www.minibiblioplus.org\/wp-content\/uploads\/2019\/12\/Christmas-Party-16--e1583766624486-1024x610.jpg 1024w\" sizes=\"(max-width: 300px) 100vw, 300px\" \/><\/p>\n<p>Quelle merveilleuse journ\u00e9e de f\u00eate honorant tous nos b\u00e9n\u00e9voles extraordinaires! Un merci sp\u00e9cial \u00e0 Shamim Khan, b\u00e9n\u00e9vole de 35 ans! Merci \u00e0 tous ceux qui ont particip\u00e9. Merci \u00e0 nos merveilleux commanditaires, Notre-Boeuf-de-Grace, Sandrini Confections et Premi\u00e8re Moisson. Nous avons \u00e9galement dit au revoir \u00e0 notre formidable biblioth\u00e9caire, Niusha, et l&#8217;avons remerci\u00e9e pour ses ann\u00e9es avec <img loading=\"lazy\" class=\"alignnone\" src=\"https:\/\/minibiblioplus.org\/\/wp-content\/uploads\/2019\/08\/colour.png\" width=\"107\" height=\"14\" \/>. Encore une fois, de tout notre personnel \u00e0 tous nos b\u00e9n\u00e9voles, vous \u00eates les meilleurs! Joyeuses f\u00eates!<\/p>\n","protected":false},"excerpt":{"rendered":"<p>&nbsp; Quelle merveilleuse journ\u00e9e de f\u00eate honorant tous nos b\u00e9n\u00e9voles extraordinaires! Un merci sp\u00e9cial \u00e0 Shamim Khan, b\u00e9n\u00e9vole de 35 ans! Merci \u00e0 tous ceux qui ont particip\u00e9. Merci \u00e0 nos merveilleux commanditaires, Notre-Boeuf-de-Grace, Sandrini Confections et Premi\u00e8re Moisson. Nous avons \u00e9galement dit au revoir \u00e0 notre formidable biblioth\u00e9caire, Niusha, et l&#8217;avons remerci\u00e9e pour ses ann\u00e9es avec . Encore une fois, de tout notre personnel \u00e0 tous nos b\u00e9n\u00e9voles, vous \u00eates les meilleurs! Joyeuses f\u00eates!<\/p>\n","protected":false},"author":1,"featured_media":0,"comment_status":"open","ping_status":"open","sticky":false,"template":"","format":"standard","meta":{"om_disable_all_campaigns":false,"_monsterinsights_skip_tracking":false,"_monsterinsights_sitenote_active":false,"_monsterinsights_sitenote_note":"","_monsterinsights_sitenote_category":0},"categories":[51],"tags":[],"aioseo_notices":[],"_links":{"self":[{"href":"https:\/\/www.minibiblioplus.org\/index.php\/wp-json\/wp\/v2\/posts\/2036"}],"collection":[{"href":"https:\/\/www.minibiblioplus.org\/index.php\/wp-json\/wp\/v2\/posts"}],"about":[{"href":"https:\/\/www.minibiblioplus.org\/index.php\/wp-json\/wp\/v2\/types\/post"}],"author":[{"embeddable":true,"href":"https:\/\/www.minibiblioplus.org\/index.php\/wp-json\/wp\/v2\/users\/1"}],"replies":[{"embeddable":true,"href":"https:\/\/www.minibiblioplus.org\/index.php\/wp-json\/wp\/v2\/comments?post=2036"}],"version-history":[{"count":0,"href":"https:\/\/www.minibiblioplus.org\/index.php\/wp-json\/wp\/v2\/posts\/2036\/revisions"}],"wp:attachment":[{"href":"https:\/\/www.minibiblioplus.org\/index.php\/wp-json\/wp\/v2\/media?parent=2036"}],"wp:term":[{"taxonomy":"category","embeddable":true,"href":"https:\/\/www.minibiblioplus.org\/index.php\/wp-json\/wp\/v2\/categories?post=2036"},{"taxonomy":"post_tag","embeddable":true,"href":"https:\/\/www.minibiblioplus.org\/index.php\/wp-json\/wp\/v2\/tags?post=2036"}],"curies":[{"name":"wp","href":"https:\/\/api.w.org\/{rel}","templated":true}]}}