{"id":2141,"date":"2020-02-01T09:00:15","date_gmt":"2020-02-01T09:00:15","guid":{"rendered":"http:\/\/minibiblioplus.org\/?p=2141"},"modified":"2020-01-29T14:29:42","modified_gmt":"2020-01-29T14:29:42","slug":"benevole-du-mois-fevrier-2020","status":"publish","type":"post","link":"https:\/\/www.minibiblioplus.org\/index.php\/2020\/02\/01\/benevole-du-mois-fevrier-2020\/","title":{"rendered":"B\u00e9n\u00e9vole du mois \u2013 f\u00e9vrier 2020"},"content":{"rendered":"<h3><img loading=\"lazy\" class=\"alignnone size-medium wp-image-2142\" src=\"https:\/\/minibiblioplus.org\/wp-content\/uploads\/2020\/01\/Adrian-Photo-1-e1580308009727-300x283.jpg\" alt=\"\" width=\"300\" height=\"283\" srcset=\"https:\/\/www.minibiblioplus.org\/wp-content\/uploads\/2020\/01\/Adrian-Photo-1-e1580308009727-300x283.jpg 300w, https:\/\/www.minibiblioplus.org\/wp-content\/uploads\/2020\/01\/Adrian-Photo-1-e1580308009727.jpg 600w\" sizes=\"(max-width: 300px) 100vw, 300px\" \/><\/h3>\n<h3>B\u00e9n\u00e9vole du mois \u2013 f\u00e9vrier<\/h3>\n<h2><span style=\"color: #3366ff;\"><strong>Adrian (Hannah) Dragan<\/strong><\/span><\/h2>\n<p>Mon exp\u00e9rience en tant que b\u00e9n\u00e9vole de l&#8217;heure du conte a \u00e9t\u00e9 tr\u00e8s \u00e9ducative et j&#8217;aime apporter de la joie et des sourires aux enfants tout en les initiant \u00e0 la litt\u00e9rature. Gr\u00e2ce \u00e0 l&#8217;heure du conte, j&#8217;aide \u00e0 augmenter le taux d&#8217;alphab\u00e9tisation de nos jeunes tout en encourageant leur cr\u00e9ativit\u00e9 et en ne r\u00e9primant pas leur \u00e9nergie. JE LE FAIS AVEC AMOUR !<\/p>\n","protected":false},"excerpt":{"rendered":"<p>B\u00e9n\u00e9vole du mois \u2013 f\u00e9vrier Adrian (Hannah) Dragan Mon exp\u00e9rience en tant que b\u00e9n\u00e9vole de l&#8217;heure du conte a \u00e9t\u00e9 tr\u00e8s \u00e9ducative et j&#8217;aime apporter de la joie et des sourires aux enfants tout en les initiant \u00e0 la litt\u00e9rature. Gr\u00e2ce \u00e0 l&#8217;heure du conte, j&#8217;aide \u00e0 augmenter le taux d&#8217;alphab\u00e9tisation de nos jeunes tout en encourageant leur cr\u00e9ativit\u00e9 et en ne r\u00e9primant pas leur \u00e9nergie. JE LE FAIS AVEC AMOUR !<\/p>\n","protected":false},"author":1,"featured_media":0,"comment_status":"open","ping_status":"open","sticky":false,"template":"","format":"standard","meta":{"om_disable_all_campaigns":false,"_monsterinsights_skip_tracking":false,"_monsterinsights_sitenote_active":false,"_monsterinsights_sitenote_note":"","_monsterinsights_sitenote_category":0},"categories":[44],"tags":[],"aioseo_notices":[],"_links":{"self":[{"href":"https:\/\/www.minibiblioplus.org\/index.php\/wp-json\/wp\/v2\/posts\/2141"}],"collection":[{"href":"https:\/\/www.minibiblioplus.org\/index.php\/wp-json\/wp\/v2\/posts"}],"about":[{"href":"https:\/\/www.minibiblioplus.org\/index.php\/wp-json\/wp\/v2\/types\/post"}],"author":[{"embeddable":true,"href":"https:\/\/www.minibiblioplus.org\/index.php\/wp-json\/wp\/v2\/users\/1"}],"replies":[{"embeddable":true,"href":"https:\/\/www.minibiblioplus.org\/index.php\/wp-json\/wp\/v2\/comments?post=2141"}],"version-history":[{"count":0,"href":"https:\/\/www.minibiblioplus.org\/index.php\/wp-json\/wp\/v2\/posts\/2141\/revisions"}],"wp:attachment":[{"href":"https:\/\/www.minibiblioplus.org\/index.php\/wp-json\/wp\/v2\/media?parent=2141"}],"wp:term":[{"taxonomy":"category","embeddable":true,"href":"https:\/\/www.minibiblioplus.org\/index.php\/wp-json\/wp\/v2\/categories?post=2141"},{"taxonomy":"post_tag","embeddable":true,"href":"https:\/\/www.minibiblioplus.org\/index.php\/wp-json\/wp\/v2\/tags?post=2141"}],"curies":[{"name":"wp","href":"https:\/\/api.w.org\/{rel}","templated":true}]}}