{"id":2269,"date":"2020-01-01T20:46:19","date_gmt":"2020-01-01T20:46:19","guid":{"rendered":"http:\/\/minibiblioplus.org\/?p=2269"},"modified":"2020-03-09T15:07:41","modified_gmt":"2020-03-09T15:07:41","slug":"benevole-du-mois-janvier-2019","status":"publish","type":"post","link":"https:\/\/www.minibiblioplus.org\/index.php\/2020\/01\/01\/benevole-du-mois-janvier-2019\/","title":{"rendered":"B\u00e9n\u00e9vole du mois &#8211; janvier 2020"},"content":{"rendered":"<p><img loading=\"lazy\" class=\"alignnone size-medium wp-image-2270\" src=\"https:\/\/minibiblioplus.org\/wp-content\/uploads\/2020\/02\/Mathilde_Web-1-300x194.jpg\" alt=\"\" width=\"300\" height=\"194\" srcset=\"https:\/\/www.minibiblioplus.org\/wp-content\/uploads\/2020\/02\/Mathilde_Web-1-300x194.jpg 300w, https:\/\/www.minibiblioplus.org\/wp-content\/uploads\/2020\/02\/Mathilde_Web-1-768x498.jpg 768w, https:\/\/www.minibiblioplus.org\/wp-content\/uploads\/2020\/02\/Mathilde_Web-1.jpg 793w\" sizes=\"(max-width: 300px) 100vw, 300px\" \/><\/p>\n<h3>B\u00e9n\u00e9vole du mois &#8211; janvier<\/h3>\n<h2><span style=\"color: #3366ff;\"><strong>Mathilde Routy<\/strong><\/span><\/h2>\n<p>Nous sommes heureux d\u2019annoncer que le B\u00e9n\u00e9vole du mois pour janvier est, \u00e9galement la nouvelle membre de notre \u00e9quipe, Mathilde Routy. Mathilde est b\u00e9n\u00e9vole avec nous depuis l\u2019automne dernier, elle fait l\u2019heure du conte chaque semaine \u00e0 la garderie de sa fille. C\u2019est une animatrice exp\u00e9riment\u00e9e et nous sommes ravis qu\u2019elle se joigne \u00e0 notre \u00e9quipe \u00e0 titre de Coordonnatrice des communications de <img loading=\"lazy\" class=\"alignnone\" src=\"https:\/\/minibiblioplus.org\/\/wp-content\/uploads\/2019\/08\/colour.png\" width=\"107\" height=\"14\" \/>.<\/p>\n<p>\u00ab\u00a0C\u2019est vraiment magique de voir le lien tout particulier qui se cr\u00e9e avec les enfants par l\u2019entremise des histoires. Chaque semaine, nous rions, nous avons peur, nous sommes \u00e9mus, mais surtout nous avons beaucoup de plaisir!\u00a0\u00bb<\/p>\n<p>&nbsp;<\/p>\n","protected":false},"excerpt":{"rendered":"<p>B\u00e9n\u00e9vole du mois &#8211; janvier Mathilde Routy Nous sommes heureux d\u2019annoncer que le B\u00e9n\u00e9vole du mois pour janvier est, \u00e9galement la nouvelle membre de notre \u00e9quipe, Mathilde Routy. Mathilde est b\u00e9n\u00e9vole avec nous depuis l\u2019automne dernier, elle fait l\u2019heure du conte chaque semaine \u00e0 la garderie de sa fille. C\u2019est une animatrice exp\u00e9riment\u00e9e et nous sommes ravis qu\u2019elle se joigne \u00e0 notre \u00e9quipe \u00e0 titre de Coordonnatrice des communications de . \u00ab\u00a0C\u2019est vraiment magique de voir le lien tout particulier&hellip;<\/p>\n","protected":false},"author":1,"featured_media":0,"comment_status":"open","ping_status":"open","sticky":false,"template":"","format":"standard","meta":{"om_disable_all_campaigns":false,"_monsterinsights_skip_tracking":false,"_monsterinsights_sitenote_active":false,"_monsterinsights_sitenote_note":"","_monsterinsights_sitenote_category":0},"categories":[44],"tags":[],"aioseo_notices":[],"_links":{"self":[{"href":"https:\/\/www.minibiblioplus.org\/index.php\/wp-json\/wp\/v2\/posts\/2269"}],"collection":[{"href":"https:\/\/www.minibiblioplus.org\/index.php\/wp-json\/wp\/v2\/posts"}],"about":[{"href":"https:\/\/www.minibiblioplus.org\/index.php\/wp-json\/wp\/v2\/types\/post"}],"author":[{"embeddable":true,"href":"https:\/\/www.minibiblioplus.org\/index.php\/wp-json\/wp\/v2\/users\/1"}],"replies":[{"embeddable":true,"href":"https:\/\/www.minibiblioplus.org\/index.php\/wp-json\/wp\/v2\/comments?post=2269"}],"version-history":[{"count":0,"href":"https:\/\/www.minibiblioplus.org\/index.php\/wp-json\/wp\/v2\/posts\/2269\/revisions"}],"wp:attachment":[{"href":"https:\/\/www.minibiblioplus.org\/index.php\/wp-json\/wp\/v2\/media?parent=2269"}],"wp:term":[{"taxonomy":"category","embeddable":true,"href":"https:\/\/www.minibiblioplus.org\/index.php\/wp-json\/wp\/v2\/categories?post=2269"},{"taxonomy":"post_tag","embeddable":true,"href":"https:\/\/www.minibiblioplus.org\/index.php\/wp-json\/wp\/v2\/tags?post=2269"}],"curies":[{"name":"wp","href":"https:\/\/api.w.org\/{rel}","templated":true}]}}