{"id":2336,"date":"2020-03-04T14:09:37","date_gmt":"2020-03-04T14:09:37","guid":{"rendered":"http:\/\/minibiblioplus.org\/?p=2336"},"modified":"2020-03-04T15:09:44","modified_gmt":"2020-03-04T15:09:44","slug":"benevole-du-mois-mars-2020","status":"publish","type":"post","link":"https:\/\/www.minibiblioplus.org\/index.php\/2020\/03\/04\/benevole-du-mois-mars-2020\/","title":{"rendered":"B\u00e9n\u00e9vole du mois \u2013 mars 2020"},"content":{"rendered":"<p><img loading=\"lazy\" class=\"alignnone size-medium wp-image-2338\" src=\"https:\/\/minibiblioplus.org\/wp-content\/uploads\/2020\/03\/Carole-Lakoff-300x225.jpg\" alt=\"\" width=\"300\" height=\"225\" srcset=\"https:\/\/www.minibiblioplus.org\/wp-content\/uploads\/2020\/03\/Carole-Lakoff-300x225.jpg 300w, https:\/\/www.minibiblioplus.org\/wp-content\/uploads\/2020\/03\/Carole-Lakoff-768x576.jpg 768w, https:\/\/www.minibiblioplus.org\/wp-content\/uploads\/2020\/03\/Carole-Lakoff-1024x768.jpg 1024w\" sizes=\"(max-width: 300px) 100vw, 300px\" \/><\/p>\n<h3>B\u00e9n\u00e9vole du mois \u2013 mars<\/h3>\n<h2><span style=\"color: #3366ff;\"><strong>Carol Lakoff<\/strong><\/span><\/h2>\n<p>Ce mois-ci, nous soulignons la passion de Carole \u00e0 titre de B\u00e9n\u00e9vole du mois. Depuis un an, elle anime l\u2019heure du conte dans deux garderies. Merci Carole pour ta d\u00e9votion! \u00abJ\u2019anime l\u2019heure du conte depuis un an maintenant et j&#8217;appr\u00e9cie beaucoup cette opportunit\u00e9 de b\u00e9n\u00e9volat. Je suis privil\u00e9gi\u00e9e d\u2019avoir la chance d\u2019interagir avec les enfants et de me familiariser avec la litt\u00e9rature jeunesse. C\u2019est vraiment une exp\u00e9rience tr\u00e8s positive pour moi.\u00bb Carol Lakoff<\/p>\n","protected":false},"excerpt":{"rendered":"<p>B\u00e9n\u00e9vole du mois \u2013 mars Carol Lakoff Ce mois-ci, nous soulignons la passion de Carole \u00e0 titre de B\u00e9n\u00e9vole du mois. Depuis un an, elle anime l\u2019heure du conte dans deux garderies. Merci Carole pour ta d\u00e9votion! \u00abJ\u2019anime l\u2019heure du conte depuis un an maintenant et j&#8217;appr\u00e9cie beaucoup cette opportunit\u00e9 de b\u00e9n\u00e9volat. Je suis privil\u00e9gi\u00e9e d\u2019avoir la chance d\u2019interagir avec les enfants et de me familiariser avec la litt\u00e9rature jeunesse. C\u2019est vraiment une exp\u00e9rience tr\u00e8s positive pour moi.\u00bb Carol Lakoff<\/p>\n","protected":false},"author":1,"featured_media":0,"comment_status":"open","ping_status":"open","sticky":false,"template":"","format":"standard","meta":{"om_disable_all_campaigns":false,"_monsterinsights_skip_tracking":false,"_monsterinsights_sitenote_active":false,"_monsterinsights_sitenote_note":"","_monsterinsights_sitenote_category":0},"categories":[44],"tags":[],"aioseo_notices":[],"_links":{"self":[{"href":"https:\/\/www.minibiblioplus.org\/index.php\/wp-json\/wp\/v2\/posts\/2336"}],"collection":[{"href":"https:\/\/www.minibiblioplus.org\/index.php\/wp-json\/wp\/v2\/posts"}],"about":[{"href":"https:\/\/www.minibiblioplus.org\/index.php\/wp-json\/wp\/v2\/types\/post"}],"author":[{"embeddable":true,"href":"https:\/\/www.minibiblioplus.org\/index.php\/wp-json\/wp\/v2\/users\/1"}],"replies":[{"embeddable":true,"href":"https:\/\/www.minibiblioplus.org\/index.php\/wp-json\/wp\/v2\/comments?post=2336"}],"version-history":[{"count":0,"href":"https:\/\/www.minibiblioplus.org\/index.php\/wp-json\/wp\/v2\/posts\/2336\/revisions"}],"wp:attachment":[{"href":"https:\/\/www.minibiblioplus.org\/index.php\/wp-json\/wp\/v2\/media?parent=2336"}],"wp:term":[{"taxonomy":"category","embeddable":true,"href":"https:\/\/www.minibiblioplus.org\/index.php\/wp-json\/wp\/v2\/categories?post=2336"},{"taxonomy":"post_tag","embeddable":true,"href":"https:\/\/www.minibiblioplus.org\/index.php\/wp-json\/wp\/v2\/tags?post=2336"}],"curies":[{"name":"wp","href":"https:\/\/api.w.org\/{rel}","templated":true}]}}