{"id":2460,"date":"2020-04-17T18:41:33","date_gmt":"2020-04-17T18:41:33","guid":{"rendered":"http:\/\/minibiblioplus.org\/?p=2460"},"modified":"2020-04-17T18:41:33","modified_gmt":"2020-04-17T18:41:33","slug":"benevole-du-mois-avril-2020","status":"publish","type":"post","link":"https:\/\/www.minibiblioplus.org\/index.php\/2020\/04\/17\/benevole-du-mois-avril-2020\/","title":{"rendered":"B\u00e9n\u00e9vole du mois \u2013 avril 2020"},"content":{"rendered":"<p><img loading=\"lazy\" class=\"alignnone size-medium wp-image-2461\" src=\"https:\/\/minibiblioplus.org\/wp-content\/uploads\/2020\/04\/Vicki-1-300x203.jpg\" alt=\"\" width=\"300\" height=\"203\" srcset=\"https:\/\/www.minibiblioplus.org\/wp-content\/uploads\/2020\/04\/Vicki-1-300x203.jpg 300w, https:\/\/www.minibiblioplus.org\/wp-content\/uploads\/2020\/04\/Vicki-1.jpg 640w\" sizes=\"(max-width: 300px) 100vw, 300px\" \/><\/p>\n<h3>B\u00e9n\u00e9vole du mois \u2013 avril<\/h3>\n<h2><span style=\"color: #3366ff;\"><strong>Vicki Barkoff<\/strong><\/span><\/h2>\n<p>Notre b\u00e9n\u00e9vole du mois d&#8217;avril est Vicki Barkoff, l&#8217;une de nos b\u00e9n\u00e9voles les plus d\u00e9vou\u00e9es et passionn\u00e9es. Pendant la crise du COVID-19, Vicki a accept\u00e9 de se filmer en train de raconter des histoires afin que nous puissions transmettre l&#8217;amour de la lecture aux familles m\u00eame lorsqu&#8217;ils restent \u00e0 la maison. \u00abLe programme de l&#8217;heure du conte de Fraser Hickson offre la possibilit\u00e9 d&#8217;interagir avec de tr\u00e8s jeunes gens, et quoi de plus agr\u00e9able? Ils sont curieux, avides et pleins d&#8217;id\u00e9es et d&#8217;opinions originales.\u00bb Vicki Barkoff<\/p>\n","protected":false},"excerpt":{"rendered":"<p>B\u00e9n\u00e9vole du mois \u2013 avril Vicki Barkoff Notre b\u00e9n\u00e9vole du mois d&#8217;avril est Vicki Barkoff, l&#8217;une de nos b\u00e9n\u00e9voles les plus d\u00e9vou\u00e9es et passionn\u00e9es. Pendant la crise du COVID-19, Vicki a accept\u00e9 de se filmer en train de raconter des histoires afin que nous puissions transmettre l&#8217;amour de la lecture aux familles m\u00eame lorsqu&#8217;ils restent \u00e0 la maison. \u00abLe programme de l&#8217;heure du conte de Fraser Hickson offre la possibilit\u00e9 d&#8217;interagir avec de tr\u00e8s jeunes gens, et quoi de plus&hellip;<\/p>\n","protected":false},"author":1,"featured_media":0,"comment_status":"open","ping_status":"open","sticky":false,"template":"","format":"standard","meta":{"om_disable_all_campaigns":false,"_monsterinsights_skip_tracking":false,"_monsterinsights_sitenote_active":false,"_monsterinsights_sitenote_note":"","_monsterinsights_sitenote_category":0},"categories":[44],"tags":[],"aioseo_notices":[],"_links":{"self":[{"href":"https:\/\/www.minibiblioplus.org\/index.php\/wp-json\/wp\/v2\/posts\/2460"}],"collection":[{"href":"https:\/\/www.minibiblioplus.org\/index.php\/wp-json\/wp\/v2\/posts"}],"about":[{"href":"https:\/\/www.minibiblioplus.org\/index.php\/wp-json\/wp\/v2\/types\/post"}],"author":[{"embeddable":true,"href":"https:\/\/www.minibiblioplus.org\/index.php\/wp-json\/wp\/v2\/users\/1"}],"replies":[{"embeddable":true,"href":"https:\/\/www.minibiblioplus.org\/index.php\/wp-json\/wp\/v2\/comments?post=2460"}],"version-history":[{"count":0,"href":"https:\/\/www.minibiblioplus.org\/index.php\/wp-json\/wp\/v2\/posts\/2460\/revisions"}],"wp:attachment":[{"href":"https:\/\/www.minibiblioplus.org\/index.php\/wp-json\/wp\/v2\/media?parent=2460"}],"wp:term":[{"taxonomy":"category","embeddable":true,"href":"https:\/\/www.minibiblioplus.org\/index.php\/wp-json\/wp\/v2\/categories?post=2460"},{"taxonomy":"post_tag","embeddable":true,"href":"https:\/\/www.minibiblioplus.org\/index.php\/wp-json\/wp\/v2\/tags?post=2460"}],"curies":[{"name":"wp","href":"https:\/\/api.w.org\/{rel}","templated":true}]}}