{"id":2498,"date":"2020-05-29T20:07:17","date_gmt":"2020-05-29T20:07:17","guid":{"rendered":"http:\/\/minibiblioplus.org\/?p=2498"},"modified":"2020-05-29T20:07:17","modified_gmt":"2020-05-29T20:07:17","slug":"benevole-du-mois-juin-2020","status":"publish","type":"post","link":"https:\/\/www.minibiblioplus.org\/index.php\/2020\/05\/29\/benevole-du-mois-juin-2020\/","title":{"rendered":"B\u00e9n\u00e9vole du mois \u2013 juin 2020"},"content":{"rendered":"<p><img loading=\"lazy\" class=\"alignnone size-medium wp-image-2500\" src=\"https:\/\/minibiblioplus.org\/wp-content\/uploads\/2020\/05\/Chantell-1-300x225.jpg\" alt=\"\" width=\"300\" height=\"225\" srcset=\"https:\/\/www.minibiblioplus.org\/wp-content\/uploads\/2020\/05\/Chantell-1-300x225.jpg 300w, https:\/\/www.minibiblioplus.org\/wp-content\/uploads\/2020\/05\/Chantell-1-768x576.jpg 768w, https:\/\/www.minibiblioplus.org\/wp-content\/uploads\/2020\/05\/Chantell-1-1024x768.jpg 1024w\" sizes=\"(max-width: 300px) 100vw, 300px\" \/><\/p>\n<h3>B\u00e9n\u00e9vole du mois \u2013 juin<\/h3>\n<h2><span style=\"color: #3366ff;\"><strong>Chantelle Piano<\/strong><\/span><\/h2>\n<p>Ce mois-ci, nous soulignons la passion de Chantelle \u00e0 titre de B\u00e9n\u00e9vole du mois. \u00ab\u00catre b\u00e9n\u00e9vole pour minibiblioPLUS a \u00e9t\u00e9 l&#8217;une des meilleures exp\u00e9riences que j&#8217;ai eues pendant mon adolescence. \u00catre en contact avec les enfants de CPE Garderie Kan Tsipor m&#8217;a donn\u00e9 la chance de revivre des souvenirs d&#8217;enfance en partageant les histoires des enfants qui avaient \u00e9t\u00e9 des livres que j&#8217;avais lus. Ce fut un r\u00e9el plaisir de lire et de donner de nouvelles couleurs \u00e0 l&#8217;imagination des enfants.\u00bb Chantelle Piano<\/p>\n","protected":false},"excerpt":{"rendered":"<p>B\u00e9n\u00e9vole du mois \u2013 juin Chantelle Piano Ce mois-ci, nous soulignons la passion de Chantelle \u00e0 titre de B\u00e9n\u00e9vole du mois. \u00ab\u00catre b\u00e9n\u00e9vole pour minibiblioPLUS a \u00e9t\u00e9 l&#8217;une des meilleures exp\u00e9riences que j&#8217;ai eues pendant mon adolescence. \u00catre en contact avec les enfants de CPE Garderie Kan Tsipor m&#8217;a donn\u00e9 la chance de revivre des souvenirs d&#8217;enfance en partageant les histoires des enfants qui avaient \u00e9t\u00e9 des livres que j&#8217;avais lus. Ce fut un r\u00e9el plaisir de lire et de&hellip;<\/p>\n","protected":false},"author":1,"featured_media":0,"comment_status":"open","ping_status":"open","sticky":false,"template":"","format":"standard","meta":{"om_disable_all_campaigns":false,"_monsterinsights_skip_tracking":false,"_monsterinsights_sitenote_active":false,"_monsterinsights_sitenote_note":"","_monsterinsights_sitenote_category":0},"categories":[44],"tags":[],"aioseo_notices":[],"_links":{"self":[{"href":"https:\/\/www.minibiblioplus.org\/index.php\/wp-json\/wp\/v2\/posts\/2498"}],"collection":[{"href":"https:\/\/www.minibiblioplus.org\/index.php\/wp-json\/wp\/v2\/posts"}],"about":[{"href":"https:\/\/www.minibiblioplus.org\/index.php\/wp-json\/wp\/v2\/types\/post"}],"author":[{"embeddable":true,"href":"https:\/\/www.minibiblioplus.org\/index.php\/wp-json\/wp\/v2\/users\/1"}],"replies":[{"embeddable":true,"href":"https:\/\/www.minibiblioplus.org\/index.php\/wp-json\/wp\/v2\/comments?post=2498"}],"version-history":[{"count":0,"href":"https:\/\/www.minibiblioplus.org\/index.php\/wp-json\/wp\/v2\/posts\/2498\/revisions"}],"wp:attachment":[{"href":"https:\/\/www.minibiblioplus.org\/index.php\/wp-json\/wp\/v2\/media?parent=2498"}],"wp:term":[{"taxonomy":"category","embeddable":true,"href":"https:\/\/www.minibiblioplus.org\/index.php\/wp-json\/wp\/v2\/categories?post=2498"},{"taxonomy":"post_tag","embeddable":true,"href":"https:\/\/www.minibiblioplus.org\/index.php\/wp-json\/wp\/v2\/tags?post=2498"}],"curies":[{"name":"wp","href":"https:\/\/api.w.org\/{rel}","templated":true}]}}