{"id":2517,"date":"2020-07-08T15:01:51","date_gmt":"2020-07-08T15:01:51","guid":{"rendered":"http:\/\/minibiblioplus.org\/?p=2517"},"modified":"2020-07-08T15:25:52","modified_gmt":"2020-07-08T15:25:52","slug":"benevole-du-mois-juillet-2020","status":"publish","type":"post","link":"https:\/\/www.minibiblioplus.org\/index.php\/2020\/07\/08\/benevole-du-mois-juillet-2020\/","title":{"rendered":"B\u00e9n\u00e9vole du mois \u2013 juillet 2020"},"content":{"rendered":"<p><img loading=\"lazy\" class=\"alignnone size-medium wp-image-2518\" src=\"https:\/\/minibiblioplus.org\/wp-content\/uploads\/2020\/07\/Amanda-225x300.jpg\" alt=\"\" width=\"225\" height=\"300\" srcset=\"https:\/\/www.minibiblioplus.org\/wp-content\/uploads\/2020\/07\/Amanda-225x300.jpg 225w, https:\/\/www.minibiblioplus.org\/wp-content\/uploads\/2020\/07\/Amanda-768x1024.jpg 768w, https:\/\/www.minibiblioplus.org\/wp-content\/uploads\/2020\/07\/Amanda-1152x1536.jpg 1152w, https:\/\/www.minibiblioplus.org\/wp-content\/uploads\/2020\/07\/Amanda-1536x2048.jpg 1536w, https:\/\/www.minibiblioplus.org\/wp-content\/uploads\/2020\/07\/Amanda-scaled.jpg 1920w\" sizes=\"(max-width: 225px) 100vw, 225px\" \/><\/p>\n<h3>B\u00e9n\u00e9vole du mois \u2013 juillet<\/h3>\n<h2><span style=\"color: #3366ff;\"><strong>Amanda Fournier<\/strong><\/span><\/h2>\n<p>Nous sommes heureux d&#8217;annoncer notre B\u00e9n\u00e9vole du mois de juillet: Amanda Fournier!<\/p>\n<p>\u00abLa lecture a toujours \u00e9t\u00e9 un \u00e9l\u00e9ment central de mon enfance, en commen\u00e7ant par les livres pour b\u00e9b\u00e9s sensoriels et les livres pratiques comme celui-ci (qui reste toujours l&#8217;un de mes pr\u00e9f\u00e9r\u00e9s aujourd&#8217;hui) un peu plus tard. Je crois que l&#8217;alphab\u00e9tisation pr\u00e9coce est un \u00e9l\u00e9ment fondamental de l&#8217;esprit d&#8217;un enfant en d\u00e9veloppement. C&#8217;est pourquoi j&#8217;ai consid\u00e9r\u00e9 le b\u00e9n\u00e9volat avec <img loading=\"lazy\" class=\"alignnone wp-image-953\" src=\"https:\/\/minibiblioplus.org\/\/wp-content\/uploads\/2019\/08\/colour-300x39.png\" alt=\"\" width=\"108\" height=\"14\" srcset=\"https:\/\/www.minibiblioplus.org\/wp-content\/uploads\/2019\/08\/colour-300x39.png 300w, https:\/\/www.minibiblioplus.org\/wp-content\/uploads\/2019\/08\/colour-768x99.png 768w, https:\/\/www.minibiblioplus.org\/wp-content\/uploads\/2019\/08\/colour-1024x132.png 1024w\" sizes=\"(max-width: 108px) 100vw, 108px\" \/> comme une merveilleuse occasion de partager mon amour des livres et d&#8217;aider les parents \u00e0 promouvoir la lecture aupr\u00e8s des jeunes enfants en ces temps difficiles.\u00bb Amanda Fournier<\/p>\n","protected":false},"excerpt":{"rendered":"<p>B\u00e9n\u00e9vole du mois \u2013 juillet Amanda Fournier Nous sommes heureux d&#8217;annoncer notre B\u00e9n\u00e9vole du mois de juillet: Amanda Fournier! \u00abLa lecture a toujours \u00e9t\u00e9 un \u00e9l\u00e9ment central de mon enfance, en commen\u00e7ant par les livres pour b\u00e9b\u00e9s sensoriels et les livres pratiques comme celui-ci (qui reste toujours l&#8217;un de mes pr\u00e9f\u00e9r\u00e9s aujourd&#8217;hui) un peu plus tard. Je crois que l&#8217;alphab\u00e9tisation pr\u00e9coce est un \u00e9l\u00e9ment fondamental de l&#8217;esprit d&#8217;un enfant en d\u00e9veloppement. C&#8217;est pourquoi j&#8217;ai consid\u00e9r\u00e9 le b\u00e9n\u00e9volat avec comme une&hellip;<\/p>\n","protected":false},"author":1,"featured_media":0,"comment_status":"open","ping_status":"open","sticky":false,"template":"","format":"standard","meta":{"om_disable_all_campaigns":false,"_monsterinsights_skip_tracking":false,"_monsterinsights_sitenote_active":false,"_monsterinsights_sitenote_note":"","_monsterinsights_sitenote_category":0},"categories":[44],"tags":[],"aioseo_notices":[],"_links":{"self":[{"href":"https:\/\/www.minibiblioplus.org\/index.php\/wp-json\/wp\/v2\/posts\/2517"}],"collection":[{"href":"https:\/\/www.minibiblioplus.org\/index.php\/wp-json\/wp\/v2\/posts"}],"about":[{"href":"https:\/\/www.minibiblioplus.org\/index.php\/wp-json\/wp\/v2\/types\/post"}],"author":[{"embeddable":true,"href":"https:\/\/www.minibiblioplus.org\/index.php\/wp-json\/wp\/v2\/users\/1"}],"replies":[{"embeddable":true,"href":"https:\/\/www.minibiblioplus.org\/index.php\/wp-json\/wp\/v2\/comments?post=2517"}],"version-history":[{"count":2,"href":"https:\/\/www.minibiblioplus.org\/index.php\/wp-json\/wp\/v2\/posts\/2517\/revisions"}],"predecessor-version":[{"id":2526,"href":"https:\/\/www.minibiblioplus.org\/index.php\/wp-json\/wp\/v2\/posts\/2517\/revisions\/2526"}],"wp:attachment":[{"href":"https:\/\/www.minibiblioplus.org\/index.php\/wp-json\/wp\/v2\/media?parent=2517"}],"wp:term":[{"taxonomy":"category","embeddable":true,"href":"https:\/\/www.minibiblioplus.org\/index.php\/wp-json\/wp\/v2\/categories?post=2517"},{"taxonomy":"post_tag","embeddable":true,"href":"https:\/\/www.minibiblioplus.org\/index.php\/wp-json\/wp\/v2\/tags?post=2517"}],"curies":[{"name":"wp","href":"https:\/\/api.w.org\/{rel}","templated":true}]}}