{"id":2543,"date":"2020-07-29T19:04:12","date_gmt":"2020-07-29T19:04:12","guid":{"rendered":"http:\/\/minibiblioplus.org\/?p=2543"},"modified":"2020-07-29T19:04:56","modified_gmt":"2020-07-29T19:04:56","slug":"un-message-de-lequipe-de-fraser-hickson-sur-notre-engagement-envers-la-diversite-et-la-lutte-contre-le-racisme","status":"publish","type":"post","link":"https:\/\/www.minibiblioplus.org\/index.php\/2020\/07\/29\/un-message-de-lequipe-de-fraser-hickson-sur-notre-engagement-envers-la-diversite-et-la-lutte-contre-le-racisme\/","title":{"rendered":"Un message de l&#8217;\u00e9quipe de Fraser Hickson sur notre engagement envers la diversit\u00e9 et la lutte contre le racisme"},"content":{"rendered":"<p><strong>Un message de l&#8217;\u00e9quipe de Fraser Hickson sur notre engagement envers la diversit\u00e9 et la lutte contre le racisme<\/strong><br \/>\n<strong>Le 29 juillet 2020<\/strong><br \/>\n\u00c0 l&#8217;Institut Fraser Hickson, nous croyons en l&#8217;\u00e9galit\u00e9 et sommes solidaires avec ceux qui protestent contre le racisme anti-noir et le racisme structurel au Canada. Dans cette lettre, nous aimerions parler publiquement des mesures prises par notre organisme pour s&#8217;engager \u00e0 l&#8217;\u00e9gard de la diversit\u00e9 et de l&#8217;antiracisme dans nos programmes.<br \/>\nLa mission de l&#8217;Institut Fraser Hickson est d&#8217;augmenter les niveaux d&#8217;alphab\u00e9tisation en donnant \u00e0 nos partenaires les moyens d&#8217;inculquer aux enfants, d\u00e8s la naissance, la passion de lire et d&#8217;apprendre gr\u00e2ce \u00e0 un acc\u00e8s gratuit \u00e0 des livres et des services d&#8217;animation. Notre projet <img loading=\"lazy\" class=\"alignnone wp-image-953\" src=\"https:\/\/minibiblioplus.org\/\/wp-content\/uploads\/2019\/08\/colour-300x39.png\" alt=\"\" width=\"108\" height=\"14\" srcset=\"https:\/\/www.minibiblioplus.org\/wp-content\/uploads\/2019\/08\/colour-300x39.png 300w, https:\/\/www.minibiblioplus.org\/wp-content\/uploads\/2019\/08\/colour-768x99.png 768w, https:\/\/www.minibiblioplus.org\/wp-content\/uploads\/2019\/08\/colour-1024x132.png 1024w\" sizes=\"(max-width: 108px) 100vw, 108px\" \/> fournit des garderies et des centres communautaires \u00e0 travers Montr\u00e9al avec un acc\u00e8s gratuit \u00e0 des livres et des raconteurs b\u00e9n\u00e9voles. Les communaut\u00e9s que nous desservons sont parmi les plus diversifi\u00e9es au Canada et abritent des personnes de diff\u00e9rentes races, origines ethniques, identit\u00e9s de genre, statut socio-\u00e9conomique, croyances religieuses et capacit\u00e9s physiques. Par cons\u00e9quent, nous pensons qu&#8217;il est vital que ces communaut\u00e9s aient acc\u00e8s \u00e0 des livres qui refl\u00e8tent fid\u00e8lement leur diversit\u00e9.<br \/>\nUne \u00e9tape vers la lutte contre les in\u00e9galit\u00e9s syst\u00e9miques consiste \u00e0 avoir une repr\u00e9sentation plus positive dans la litt\u00e9rature, car les histoires ont un impact significatif sur le d\u00e9veloppement social et identitaire des enfants. L&#8217;estime de soi des enfants est principalement influenc\u00e9e par la fa\u00e7on dont la soci\u00e9t\u00e9 per\u00e7oit le groupe culturel auquel ils appartiennent (Naidoo, 2014). Lorsque les enfants ne voient pas leur culture repr\u00e9sent\u00e9e dans les collections de la biblioth\u00e8que, ils re\u00e7oivent le message que leur culture n&#8217;est pas assez importante pour figurer dans la biblioth\u00e8que (Naidoo, 2014). <strong>Par cons\u00e9quent, nous nous engageons \u00e0 inclure plus de livres \u00e9crits par et avec des personnes de couleur et d&#8217;autres identit\u00e9s diverses dans notre assortiment. \u00c0 l&#8217;avenir, nous donnerons la priorit\u00e9 \u00e0 la diversit\u00e9 et \u00e0 la repr\u00e9sentation lors de la s\u00e9lection de nos documents de biblioth\u00e8que et de nos ressources en ligne.<\/strong><br \/>\nEnfin, pour plaider contre le racisme et pour aider \u00e0 mieux comprendre les actions que nous pouvons tous prendre, nous avons compil\u00e9 une liste de lecture #BlackLivesMatter sur notre page Facebook. Nous encourageons les personnes \u00e0 utiliser cette liste pour devenir plus inform\u00e9es et plus engag\u00e9es alors que nous faisons notre part pour accro\u00eetre la repr\u00e9sentation dans la litt\u00e9rature jeunesse dans nos communaut\u00e9s.<\/p>\n<p>Helen Fortin, Directrice g\u00e9n\u00e9rale<br \/>\nAsha Dixit, Gestionnaire des op\u00e9rations<br \/>\nVanessa Foran, Coordinatrice des partenaires <img loading=\"lazy\" class=\"alignnone wp-image-953\" src=\"https:\/\/minibiblioplus.org\/\/wp-content\/uploads\/2019\/08\/colour-300x39.png\" alt=\"\" width=\"108\" height=\"14\" srcset=\"https:\/\/www.minibiblioplus.org\/wp-content\/uploads\/2019\/08\/colour-300x39.png 300w, https:\/\/www.minibiblioplus.org\/wp-content\/uploads\/2019\/08\/colour-768x99.png 768w, https:\/\/www.minibiblioplus.org\/wp-content\/uploads\/2019\/08\/colour-1024x132.png 1024w\" sizes=\"(max-width: 108px) 100vw, 108px\" \/> et du recrutement des b\u00e9n\u00e9voles<br \/>\nMarco de Petrillo, Biblioth\u00e9caire<\/p>\n<p>Naidoo, J. C. (2014). The Importance of Diversity in Library Programs and Material Collections for Children (pp. 1-14, Rep.). Association for Library Service to Children.<\/p>\n","protected":false},"excerpt":{"rendered":"<p>Un message de l&#8217;\u00e9quipe de Fraser Hickson sur notre engagement envers la diversit\u00e9 et la lutte contre le racisme Le 29 juillet 2020 \u00c0 l&#8217;Institut Fraser Hickson, nous croyons en l&#8217;\u00e9galit\u00e9 et sommes solidaires avec ceux qui protestent contre le racisme anti-noir et le racisme structurel au Canada. Dans cette lettre, nous aimerions parler publiquement des mesures prises par notre organisme pour s&#8217;engager \u00e0 l&#8217;\u00e9gard de la diversit\u00e9 et de l&#8217;antiracisme dans nos programmes. La mission de l&#8217;Institut Fraser Hickson&hellip;<\/p>\n","protected":false},"author":1,"featured_media":0,"comment_status":"open","ping_status":"open","sticky":false,"template":"","format":"standard","meta":{"om_disable_all_campaigns":false,"_monsterinsights_skip_tracking":false,"_monsterinsights_sitenote_active":false,"_monsterinsights_sitenote_note":"","_monsterinsights_sitenote_category":0},"categories":[51],"tags":[],"aioseo_notices":[],"_links":{"self":[{"href":"https:\/\/www.minibiblioplus.org\/index.php\/wp-json\/wp\/v2\/posts\/2543"}],"collection":[{"href":"https:\/\/www.minibiblioplus.org\/index.php\/wp-json\/wp\/v2\/posts"}],"about":[{"href":"https:\/\/www.minibiblioplus.org\/index.php\/wp-json\/wp\/v2\/types\/post"}],"author":[{"embeddable":true,"href":"https:\/\/www.minibiblioplus.org\/index.php\/wp-json\/wp\/v2\/users\/1"}],"replies":[{"embeddable":true,"href":"https:\/\/www.minibiblioplus.org\/index.php\/wp-json\/wp\/v2\/comments?post=2543"}],"version-history":[{"count":2,"href":"https:\/\/www.minibiblioplus.org\/index.php\/wp-json\/wp\/v2\/posts\/2543\/revisions"}],"predecessor-version":[{"id":2545,"href":"https:\/\/www.minibiblioplus.org\/index.php\/wp-json\/wp\/v2\/posts\/2543\/revisions\/2545"}],"wp:attachment":[{"href":"https:\/\/www.minibiblioplus.org\/index.php\/wp-json\/wp\/v2\/media?parent=2543"}],"wp:term":[{"taxonomy":"category","embeddable":true,"href":"https:\/\/www.minibiblioplus.org\/index.php\/wp-json\/wp\/v2\/categories?post=2543"},{"taxonomy":"post_tag","embeddable":true,"href":"https:\/\/www.minibiblioplus.org\/index.php\/wp-json\/wp\/v2\/tags?post=2543"}],"curies":[{"name":"wp","href":"https:\/\/api.w.org\/{rel}","templated":true}]}}