{"id":2734,"date":"2020-11-18T15:30:44","date_gmt":"2020-11-18T15:30:44","guid":{"rendered":"http:\/\/minibiblioplus.org\/?p=2734"},"modified":"2020-11-18T15:33:07","modified_gmt":"2020-11-18T15:33:07","slug":"communique","status":"publish","type":"post","link":"https:\/\/www.minibiblioplus.org\/index.php\/2020\/11\/18\/communique\/","title":{"rendered":"COMMUNIQU\u00c9"},"content":{"rendered":"<p><img loading=\"lazy\" class=\"alignnone size-medium wp-image-2735\" src=\"https:\/\/minibiblioplus.org\/wp-content\/uploads\/2020\/11\/Cooper_photo-1-195x300.jpg\" alt=\"\" width=\"195\" height=\"300\" srcset=\"https:\/\/www.minibiblioplus.org\/wp-content\/uploads\/2020\/11\/Cooper_photo-1-195x300.jpg 195w, https:\/\/www.minibiblioplus.org\/wp-content\/uploads\/2020\/11\/Cooper_photo-1.jpg 417w\" sizes=\"(max-width: 195px) 100vw, 195px\" \/><\/p>\n<h3><strong>FRASER HICKSON ACCUEILLE CELINE COOPER EN TANT QUE LA NOUVELLE PR\u00c9SIDENTE DU CONSEIL<\/strong><\/h3>\n<h3>Novembre 2020<\/h3>\n<p>MONTR\u00c9AL, le 16 novembre 2020 &#8211; Fraser Hickson a le plaisir d&#8217;annoncer que Celine Cooper assumera les fonctions de pr\u00e9sidente et pr\u00e9sidente du conseil d&#8217;administration \u00e0 compter du 1er janvier 2021.<\/p>\n<p>Celine Cooper est la directrice g\u00e9n\u00e9rale du Consortium des c\u00e9geps, coll\u00e8ges et universit\u00e9s anglophone du Qu\u00e9bec bas\u00e9 \u00e0 l\u2019Universit\u00e9 Bishop&#8217;s. Ancienne chroniqueuse \u00e0 la Gazette de Montr\u00e9al et r\u00e9dactrice politique \u00e0 l\u2019Encyclop\u00e9die canadienne, les travaux de C\u00e9line ont \u00e9t\u00e9 publi\u00e9es dans des publications politiques parmi les plus lues au Canada, dans les m\u00e9dias populaires et internationaux. Elle appara\u00eet fr\u00e9quemment comme analyste politique dans des \u00e9missions d&#8217;affaires publiques \u00e0 la t\u00e9l\u00e9vision et \u00e0 la radio au Qu\u00e9bec. Elle est membre et ancienne pr\u00e9sidente du conseil d&#8217;administration de l&#8217;Association d&#8217;\u00e9tudes canadiennes. Elle est dipl\u00f4m\u00e9e de l\u2019Universit\u00e9 Queen\u2019s et de l\u2019Universit\u00e9 York et est charg\u00e9e de cours \u00e0 temps partiel \u00e0 l\u2019\u00c9cole des affaires publiques et communautaires de l\u2019Universit\u00e9 Concordia.<\/p>\n<p>Celine succ\u00e9dera au pr\u00e9sident sortant de Fraser Hickson, Nicholas Hoare. Nicholas Hoare a poss\u00e9d\u00e9 et a g\u00e9r\u00e9 une cha\u00eene de librairies au Canada pendant de nombreuses ann\u00e9es, dont la c\u00e9l\u00e8bre librairie Nicholas Hoare sur l\u2019avenue Greene \u00e0 Westmount.<\/p>\n<p>Helen Fortin, Directrice g\u00e9n\u00e9rale de Fraser Hickson, exprime sa profonde gratitude \u00e0 Nicholas pour son engagement en faveur de l\u2019alphab\u00e9tisation de la petite enfance et exprime son enthousiasme \u00e0 la nomination de C\u00e9line. &#8220;Gr\u00e2ce \u00e0 ses ant\u00e9c\u00e9dents exceptionnels dans le milieu universitaire et dans la presse, ainsi qu&#8217;\u00e0 son profond engagement envers le d\u00e9veloppement de l&#8217;alphab\u00e9tisation pr\u00e9coce gr\u00e2ce \u00e0 des programmes de biblioth\u00e8que innovants, C\u00e9line est id\u00e9alement positionn\u00e9e pour diriger le conseil. C&#8217;est une dirigeante d&#8217;\u00e9quipe passionn\u00e9e par les relations personnelles. En tant que membre actuel du conseil d&#8217;administration, elle a d\u00e9j\u00e0 prouv\u00e9 qu&#8217;elle \u00e9tait un bon choix&#8221;.<\/p>\n<p>Celine Cooper: &#8220;Dans notre monde de plus en plus complexe, il existe un r\u00e9el besoin de favoriser l&#8217;alphab\u00e9tisation pr\u00e9coce des enfants. C&#8217;est un honneur d&#8217;accepter la fonction de pr\u00e9sident du conseil d&#8217;administration. Je suis profond\u00e9ment reconnaissant \u00e0 Nicholas Hoare pour son d\u00e9vouement et son leadership dans ce r\u00f4le au cours des ann\u00e9es. Alors que Fraser Hickson continue d&#8217;\u00e9voluer, je me r\u00e9jouis de travailler avec Helen Fortin et toute l&#8217;\u00e9quipe pour promouvoir l&#8217;amour de la lecture, des livres et des liens avec la communaut\u00e9 par le biais de cette institution montr\u00e9alaise bien-aim\u00e9e&#8221;.<\/p>\n<p>Cooper prend les commandes alors que le projet <img loading=\"lazy\" class=\"alignnone wp-image-953\" src=\"https:\/\/minibiblioplus.org\/\/wp-content\/uploads\/2019\/08\/colour-300x39.png\" alt=\"\" width=\"108\" height=\"14\" srcset=\"https:\/\/www.minibiblioplus.org\/wp-content\/uploads\/2019\/08\/colour-300x39.png 300w, https:\/\/www.minibiblioplus.org\/wp-content\/uploads\/2019\/08\/colour-768x99.png 768w, https:\/\/www.minibiblioplus.org\/wp-content\/uploads\/2019\/08\/colour-1024x132.png 1024w\" sizes=\"(max-width: 108px) 100vw, 108px\" \/> tr\u00e8s acclam\u00e9 de Fraser Hickson continue d&#8217;\u00e9tendre sa mission visant \u00e0 \u00e9lever les niveaux d&#8217;alphab\u00e9tisation en donnant aux partenaires les moyens d&#8217;inculquer aux enfants un amour permanent de la lecture et d&#8217;apprendre d\u00e8s la naissance et de permettre un acc\u00e8s gratuit aux livres et aux services d&#8217;animation.<\/p>\n<p>Pour les demandes des m\u00e9dias, veuillez contacter: <a href=\"mailto:info@minibiblioplus.org\">info@minibiblioplus.org<\/a> ou 514.502.9412<\/p>\n<p><strong>\u00c0 propos de Fraser Hickson<\/strong> &#8211; Fraser Hickson a \u00e9t\u00e9 la premi\u00e8re biblioth\u00e8que publique gratuite \u00e9tablie \u00e0 Montr\u00e9al en 1885 et c\u00e9l\u00e8bre actuellement ans de service communautaire par le biais de son projet de rayonnement caract\u00e9ristique, <img loading=\"lazy\" class=\"alignnone wp-image-953\" src=\"https:\/\/minibiblioplus.org\/\/wp-content\/uploads\/2019\/08\/colour-300x39.png\" alt=\"\" width=\"108\" height=\"14\" srcset=\"https:\/\/www.minibiblioplus.org\/wp-content\/uploads\/2019\/08\/colour-300x39.png 300w, https:\/\/www.minibiblioplus.org\/wp-content\/uploads\/2019\/08\/colour-768x99.png 768w, https:\/\/www.minibiblioplus.org\/wp-content\/uploads\/2019\/08\/colour-1024x132.png 1024w\" sizes=\"(max-width: 108px) 100vw, 108px\" \/>.<\/p>\n","protected":false},"excerpt":{"rendered":"<p>FRASER HICKSON ACCUEILLE CELINE COOPER EN TANT QUE LA NOUVELLE PR\u00c9SIDENTE DU CONSEIL Novembre 2020 MONTR\u00c9AL, le 16 novembre 2020 &#8211; Fraser Hickson a le plaisir d&#8217;annoncer que Celine Cooper assumera les fonctions de pr\u00e9sidente et pr\u00e9sidente du conseil d&#8217;administration \u00e0 compter du 1er janvier 2021. Celine Cooper est la directrice g\u00e9n\u00e9rale du Consortium des c\u00e9geps, coll\u00e8ges et universit\u00e9s anglophone du Qu\u00e9bec bas\u00e9 \u00e0 l\u2019Universit\u00e9 Bishop&#8217;s. Ancienne chroniqueuse \u00e0 la Gazette de Montr\u00e9al et r\u00e9dactrice politique \u00e0 l\u2019Encyclop\u00e9die canadienne, les&hellip;<\/p>\n","protected":false},"author":1,"featured_media":0,"comment_status":"open","ping_status":"open","sticky":false,"template":"","format":"standard","meta":{"om_disable_all_campaigns":false,"_monsterinsights_skip_tracking":false,"_monsterinsights_sitenote_active":false,"_monsterinsights_sitenote_note":"","_monsterinsights_sitenote_category":0},"categories":[51],"tags":[],"aioseo_notices":[],"_links":{"self":[{"href":"https:\/\/www.minibiblioplus.org\/index.php\/wp-json\/wp\/v2\/posts\/2734"}],"collection":[{"href":"https:\/\/www.minibiblioplus.org\/index.php\/wp-json\/wp\/v2\/posts"}],"about":[{"href":"https:\/\/www.minibiblioplus.org\/index.php\/wp-json\/wp\/v2\/types\/post"}],"author":[{"embeddable":true,"href":"https:\/\/www.minibiblioplus.org\/index.php\/wp-json\/wp\/v2\/users\/1"}],"replies":[{"embeddable":true,"href":"https:\/\/www.minibiblioplus.org\/index.php\/wp-json\/wp\/v2\/comments?post=2734"}],"version-history":[{"count":2,"href":"https:\/\/www.minibiblioplus.org\/index.php\/wp-json\/wp\/v2\/posts\/2734\/revisions"}],"predecessor-version":[{"id":2739,"href":"https:\/\/www.minibiblioplus.org\/index.php\/wp-json\/wp\/v2\/posts\/2734\/revisions\/2739"}],"wp:attachment":[{"href":"https:\/\/www.minibiblioplus.org\/index.php\/wp-json\/wp\/v2\/media?parent=2734"}],"wp:term":[{"taxonomy":"category","embeddable":true,"href":"https:\/\/www.minibiblioplus.org\/index.php\/wp-json\/wp\/v2\/categories?post=2734"},{"taxonomy":"post_tag","embeddable":true,"href":"https:\/\/www.minibiblioplus.org\/index.php\/wp-json\/wp\/v2\/tags?post=2734"}],"curies":[{"name":"wp","href":"https:\/\/api.w.org\/{rel}","templated":true}]}}