{"id":2812,"date":"2021-01-04T19:11:31","date_gmt":"2021-01-04T19:11:31","guid":{"rendered":"http:\/\/minibiblioplus.org\/?p=2812"},"modified":"2021-01-04T19:19:32","modified_gmt":"2021-01-04T19:19:32","slug":"benevole-du-mois-janvier-2021","status":"publish","type":"post","link":"https:\/\/www.minibiblioplus.org\/index.php\/2021\/01\/04\/benevole-du-mois-janvier-2021\/","title":{"rendered":"B\u00e9n\u00e9vole du mois \u2013 janvier 2021"},"content":{"rendered":"<h3><img loading=\"lazy\" class=\"alignnone size-medium wp-image-2813\" src=\"https:\/\/minibiblioplus.org\/wp-content\/uploads\/2021\/01\/Chris-300x225.jpg\" alt=\"\" width=\"300\" height=\"225\" srcset=\"https:\/\/www.minibiblioplus.org\/wp-content\/uploads\/2021\/01\/Chris-300x225.jpg 300w, https:\/\/www.minibiblioplus.org\/wp-content\/uploads\/2021\/01\/Chris-1024x768.jpg 1024w, https:\/\/www.minibiblioplus.org\/wp-content\/uploads\/2021\/01\/Chris-768x576.jpg 768w, https:\/\/www.minibiblioplus.org\/wp-content\/uploads\/2021\/01\/Chris-1536x1152.jpg 1536w, https:\/\/www.minibiblioplus.org\/wp-content\/uploads\/2021\/01\/Chris.jpg 2016w\" sizes=\"(max-width: 300px) 100vw, 300px\" \/><\/h3>\n<h3>B\u00e9n\u00e9vole du mois \u2013 janvier<\/h3>\n<h2><span style=\"color: #3366ff;\"><strong>Christopher LeGrove<\/strong><\/span><\/h2>\n<p>Nous sommes ravis d&#8217;annoncer notre B\u00e9n\u00e9vole du mois de janvier: Christopher LeGrove ! Voici un message de Christopher : Je me suis beaucoup amus\u00e9 \u00e0 lire pour <img loading=\"lazy\" class=\"alignnone wp-image-953\" src=\"https:\/\/minibiblioplus.org\/\/wp-content\/uploads\/2019\/08\/colour-300x39.png\" alt=\"\" width=\"108\" height=\"14\" srcset=\"https:\/\/www.minibiblioplus.org\/wp-content\/uploads\/2019\/08\/colour-300x39.png 300w, https:\/\/www.minibiblioplus.org\/wp-content\/uploads\/2019\/08\/colour-768x99.png 768w, https:\/\/www.minibiblioplus.org\/wp-content\/uploads\/2019\/08\/colour-1024x132.png 1024w\" sizes=\"(max-width: 108px) 100vw, 108px\" \/> ces derniers mois. Lire pour quelqu&#8217;un est une telle joie ; transmettre des histoires aux enfants est une tradition humaine depuis des temps imm\u00e9moriaux, et perp\u00e9tuer cette tradition est un honneur et un privil\u00e8ge. Pouvoir lire et \u00e9crire reste une pr\u00e9occupation mondiale, il est donc important de faire partie d&#8217;une solution. Je voulais profiter de cette occasion pour remercier <img loading=\"lazy\" class=\"alignnone wp-image-953\" src=\"https:\/\/minibiblioplus.org\/\/wp-content\/uploads\/2019\/08\/colour-300x39.png\" alt=\"\" width=\"108\" height=\"14\" srcset=\"https:\/\/www.minibiblioplus.org\/wp-content\/uploads\/2019\/08\/colour-300x39.png 300w, https:\/\/www.minibiblioplus.org\/wp-content\/uploads\/2019\/08\/colour-768x99.png 768w, https:\/\/www.minibiblioplus.org\/wp-content\/uploads\/2019\/08\/colour-1024x132.png 1024w\" sizes=\"(max-width: 108px) 100vw, 108px\" \/> de m&#8217;avoir accueilli au sein de le programme afin que je puisse apporter ce que j&#8217;ai \u00e0 offrir. J&#8217;ai bien s\u00fbr h\u00e2te de lire devant autre chose que mon appareil photo ! Divertir les gens est mon m\u00e9tier, et je me suis engag\u00e9 en partie pour cela. Heureusement, la technologie a offert \u00e0 <img loading=\"lazy\" class=\"alignnone wp-image-953\" src=\"https:\/\/minibiblioplus.org\/\/wp-content\/uploads\/2019\/08\/colour-300x39.png\" alt=\"\" width=\"108\" height=\"14\" srcset=\"https:\/\/www.minibiblioplus.org\/wp-content\/uploads\/2019\/08\/colour-300x39.png 300w, https:\/\/www.minibiblioplus.org\/wp-content\/uploads\/2019\/08\/colour-768x99.png 768w, https:\/\/www.minibiblioplus.org\/wp-content\/uploads\/2019\/08\/colour-1024x132.png 1024w\" sizes=\"(max-width: 108px) 100vw, 108px\" \/> une r\u00e9ponse au fait de ne pas pouvoir lire dans les lieux publics pendant COVID-19, ce dont je suis reconnaissant. Nous avons tous d\u00fb faire preuve d&#8217;adaptabilit\u00e9, et le fait d&#8217;avoir les bons outils aide.<\/p>\n","protected":false},"excerpt":{"rendered":"<p>B\u00e9n\u00e9vole du mois \u2013 janvier Christopher LeGrove Nous sommes ravis d&#8217;annoncer notre B\u00e9n\u00e9vole du mois de janvier: Christopher LeGrove ! Voici un message de Christopher : Je me suis beaucoup amus\u00e9 \u00e0 lire pour ces derniers mois. Lire pour quelqu&#8217;un est une telle joie ; transmettre des histoires aux enfants est une tradition humaine depuis des temps imm\u00e9moriaux, et perp\u00e9tuer cette tradition est un honneur et un privil\u00e8ge. Pouvoir lire et \u00e9crire reste une pr\u00e9occupation mondiale, il est donc important&hellip;<\/p>\n","protected":false},"author":1,"featured_media":0,"comment_status":"open","ping_status":"open","sticky":false,"template":"","format":"standard","meta":{"om_disable_all_campaigns":false,"_monsterinsights_skip_tracking":false,"_monsterinsights_sitenote_active":false,"_monsterinsights_sitenote_note":"","_monsterinsights_sitenote_category":0},"categories":[44],"tags":[],"aioseo_notices":[],"_links":{"self":[{"href":"https:\/\/www.minibiblioplus.org\/index.php\/wp-json\/wp\/v2\/posts\/2812"}],"collection":[{"href":"https:\/\/www.minibiblioplus.org\/index.php\/wp-json\/wp\/v2\/posts"}],"about":[{"href":"https:\/\/www.minibiblioplus.org\/index.php\/wp-json\/wp\/v2\/types\/post"}],"author":[{"embeddable":true,"href":"https:\/\/www.minibiblioplus.org\/index.php\/wp-json\/wp\/v2\/users\/1"}],"replies":[{"embeddable":true,"href":"https:\/\/www.minibiblioplus.org\/index.php\/wp-json\/wp\/v2\/comments?post=2812"}],"version-history":[{"count":2,"href":"https:\/\/www.minibiblioplus.org\/index.php\/wp-json\/wp\/v2\/posts\/2812\/revisions"}],"predecessor-version":[{"id":2818,"href":"https:\/\/www.minibiblioplus.org\/index.php\/wp-json\/wp\/v2\/posts\/2812\/revisions\/2818"}],"wp:attachment":[{"href":"https:\/\/www.minibiblioplus.org\/index.php\/wp-json\/wp\/v2\/media?parent=2812"}],"wp:term":[{"taxonomy":"category","embeddable":true,"href":"https:\/\/www.minibiblioplus.org\/index.php\/wp-json\/wp\/v2\/categories?post=2812"},{"taxonomy":"post_tag","embeddable":true,"href":"https:\/\/www.minibiblioplus.org\/index.php\/wp-json\/wp\/v2\/tags?post=2812"}],"curies":[{"name":"wp","href":"https:\/\/api.w.org\/{rel}","templated":true}]}}