{"id":2830,"date":"2021-02-01T20:51:18","date_gmt":"2021-02-01T20:51:18","guid":{"rendered":"http:\/\/minibiblioplus.org\/?p=2830"},"modified":"2021-03-02T17:03:54","modified_gmt":"2021-03-02T17:03:54","slug":"benevole-du-mois-fevrier-2021","status":"publish","type":"post","link":"https:\/\/www.minibiblioplus.org\/index.php\/2021\/02\/01\/benevole-du-mois-fevrier-2021\/","title":{"rendered":"B\u00e9n\u00e9vole du mois \u2013 f\u00e9vrier 2021"},"content":{"rendered":"<p><img loading=\"lazy\" class=\"alignnone size-medium wp-image-2831\" src=\"https:\/\/minibiblioplus.org\/wp-content\/uploads\/2021\/02\/144222001_237281761190542_2884830373569759265_o-225x300.jpg\" alt=\"\" width=\"225\" height=\"300\" srcset=\"https:\/\/www.minibiblioplus.org\/wp-content\/uploads\/2021\/02\/144222001_237281761190542_2884830373569759265_o-225x300.jpg 225w, https:\/\/www.minibiblioplus.org\/wp-content\/uploads\/2021\/02\/144222001_237281761190542_2884830373569759265_o-768x1024.jpg 768w, https:\/\/www.minibiblioplus.org\/wp-content\/uploads\/2021\/02\/144222001_237281761190542_2884830373569759265_o.jpg 843w\" sizes=\"(max-width: 225px) 100vw, 225px\" \/><\/p>\n<h3>B\u00e9n\u00e9vole du mois \u2013 f\u00e9vrier<\/h3>\n<h2><span style=\"color: #3366ff;\"><strong>Richard Dufault <\/strong><\/span><\/h2>\n<p>Nous sommes heureux d&#8217;annoncer notre B\u00e9n\u00e9vole du mois de f\u00e9vrier : Richard Dufault ! Voici un message de Richard: &#8220;Mon nom est Richard Dufault. J&#8217;ai travaill\u00e9 comme intervenant famille et plus particuli\u00e8rement avec les petits en lecture. J&#8217;ai toujours beaucoup de plaisir de travailler avec les petits, de contribuer \u00e0 leur bien \u00eatre et \u00e0 leur \u00e9ducation. <img loading=\"lazy\" class=\"alignnone wp-image-953\" src=\"https:\/\/minibiblioplus.org\/\/wp-content\/uploads\/2019\/08\/colour-300x39.png\" alt=\"\" width=\"108\" height=\"14\" srcset=\"https:\/\/www.minibiblioplus.org\/wp-content\/uploads\/2019\/08\/colour-300x39.png 300w, https:\/\/www.minibiblioplus.org\/wp-content\/uploads\/2019\/08\/colour-768x99.png 768w, https:\/\/www.minibiblioplus.org\/wp-content\/uploads\/2019\/08\/colour-1024x132.png 1024w\" sizes=\"(max-width: 108px) 100vw, 108px\" \/> m&#8217;offre ce plaisir depuis quelques mois. Que ce soit par des contes en ligne ou en pr\u00e9sentiel, j&#8217;aime beaucoup offrir l&#8217;\u00e9veil \u00e0 la lecture aux enfants et quand c&#8217;est possible de les faire bouger avec de simples activit\u00e9s psychomotrices. Au plaisir de collaborer au d\u00e9veloppement des enfant avec <img loading=\"lazy\" class=\"alignnone wp-image-953\" src=\"https:\/\/minibiblioplus.org\/\/wp-content\/uploads\/2019\/08\/colour-300x39.png\" alt=\"\" width=\"108\" height=\"14\" srcset=\"https:\/\/www.minibiblioplus.org\/wp-content\/uploads\/2019\/08\/colour-300x39.png 300w, https:\/\/www.minibiblioplus.org\/wp-content\/uploads\/2019\/08\/colour-768x99.png 768w, https:\/\/www.minibiblioplus.org\/wp-content\/uploads\/2019\/08\/colour-1024x132.png 1024w\" sizes=\"(max-width: 108px) 100vw, 108px\" \/> et Fraser Hickson.&#8221;<\/p>\n","protected":false},"excerpt":{"rendered":"<p>B\u00e9n\u00e9vole du mois \u2013 f\u00e9vrier Richard Dufault Nous sommes heureux d&#8217;annoncer notre B\u00e9n\u00e9vole du mois de f\u00e9vrier : Richard Dufault ! Voici un message de Richard: &#8220;Mon nom est Richard Dufault. J&#8217;ai travaill\u00e9 comme intervenant famille et plus particuli\u00e8rement avec les petits en lecture. J&#8217;ai toujours beaucoup de plaisir de travailler avec les petits, de contribuer \u00e0 leur bien \u00eatre et \u00e0 leur \u00e9ducation. m&#8217;offre ce plaisir depuis quelques mois. Que ce soit par des contes en ligne ou en&hellip;<\/p>\n","protected":false},"author":1,"featured_media":0,"comment_status":"open","ping_status":"open","sticky":false,"template":"","format":"standard","meta":{"om_disable_all_campaigns":false,"_monsterinsights_skip_tracking":false,"_monsterinsights_sitenote_active":false,"_monsterinsights_sitenote_note":"","_monsterinsights_sitenote_category":0},"categories":[44],"tags":[],"aioseo_notices":[],"_links":{"self":[{"href":"https:\/\/www.minibiblioplus.org\/index.php\/wp-json\/wp\/v2\/posts\/2830"}],"collection":[{"href":"https:\/\/www.minibiblioplus.org\/index.php\/wp-json\/wp\/v2\/posts"}],"about":[{"href":"https:\/\/www.minibiblioplus.org\/index.php\/wp-json\/wp\/v2\/types\/post"}],"author":[{"embeddable":true,"href":"https:\/\/www.minibiblioplus.org\/index.php\/wp-json\/wp\/v2\/users\/1"}],"replies":[{"embeddable":true,"href":"https:\/\/www.minibiblioplus.org\/index.php\/wp-json\/wp\/v2\/comments?post=2830"}],"version-history":[{"count":2,"href":"https:\/\/www.minibiblioplus.org\/index.php\/wp-json\/wp\/v2\/posts\/2830\/revisions"}],"predecessor-version":[{"id":2844,"href":"https:\/\/www.minibiblioplus.org\/index.php\/wp-json\/wp\/v2\/posts\/2830\/revisions\/2844"}],"wp:attachment":[{"href":"https:\/\/www.minibiblioplus.org\/index.php\/wp-json\/wp\/v2\/media?parent=2830"}],"wp:term":[{"taxonomy":"category","embeddable":true,"href":"https:\/\/www.minibiblioplus.org\/index.php\/wp-json\/wp\/v2\/categories?post=2830"},{"taxonomy":"post_tag","embeddable":true,"href":"https:\/\/www.minibiblioplus.org\/index.php\/wp-json\/wp\/v2\/tags?post=2830"}],"curies":[{"name":"wp","href":"https:\/\/api.w.org\/{rel}","templated":true}]}}