{"id":2841,"date":"2021-03-02T17:02:50","date_gmt":"2021-03-02T17:02:50","guid":{"rendered":"http:\/\/minibiblioplus.org\/?p=2841"},"modified":"2021-05-05T15:06:15","modified_gmt":"2021-05-05T15:06:15","slug":"benevole-du-mois-mars-2021","status":"publish","type":"post","link":"https:\/\/www.minibiblioplus.org\/index.php\/2021\/03\/02\/benevole-du-mois-mars-2021\/","title":{"rendered":"B\u00e9n\u00e9vole du mois \u2013 mars 2021"},"content":{"rendered":"<p><img loading=\"lazy\" class=\"alignnone size-medium wp-image-2842\" src=\"https:\/\/minibiblioplus.org\/wp-content\/uploads\/2021\/03\/Kevin-1-225x300.jpg\" alt=\"\" width=\"225\" height=\"300\" srcset=\"https:\/\/www.minibiblioplus.org\/wp-content\/uploads\/2021\/03\/Kevin-1-225x300.jpg 225w, https:\/\/www.minibiblioplus.org\/wp-content\/uploads\/2021\/03\/Kevin-1.jpg 683w\" sizes=\"(max-width: 225px) 100vw, 225px\" \/><\/p>\n<h3>B\u00e9n\u00e9vole du mois \u2013 mars<\/h3>\n<h2><span style=\"color: #3366ff;\"><strong>Kevin Farinaro<\/strong><\/span><\/h2>\n<p>Nous sommes heureux d&#8217;annoncer notre B\u00e9n\u00e9vole du mois de mars : Kevin Farinaro ! Voici un message de Kevin: &#8220;C&#8217;est g\u00e9nial et je tiens \u00e0 vous remercier tous de m&#8217;avoir donn\u00e9 l&#8217;occasion de faire cette exp\u00e9rience. Mon exp\u00e9rience jusqu&#8217;\u00e0 pr\u00e9sent a \u00e9t\u00e9 sup\u00e9rieure \u00e0 ce que je pouvais imaginer gr\u00e2ce \u00e0 la merveilleuse \u00e9quipe de <img loading=\"lazy\" class=\"alignnone wp-image-953\" src=\"https:\/\/minibiblioplus.org\/\/wp-content\/uploads\/2019\/08\/colour-300x39.png\" alt=\"\" width=\"108\" height=\"14\" srcset=\"https:\/\/www.minibiblioplus.org\/wp-content\/uploads\/2019\/08\/colour-300x39.png 300w, https:\/\/www.minibiblioplus.org\/wp-content\/uploads\/2019\/08\/colour-768x99.png 768w, https:\/\/www.minibiblioplus.org\/wp-content\/uploads\/2019\/08\/colour-1024x132.png 1024w\" sizes=\"(max-width: 108px) 100vw, 108px\" \/>. Avec un emploi du temps charg\u00e9 et l&#8217;importance de donner un peu de mon temps pour aider une organisation qui soutient les enfants. L&#8217;\u00e9quipe est bien structur\u00e9e et sait communiquer leurs besoins et les adapter \u00e0 mon emploi du temps, ce qui convient parfaitement \u00e0 la situation actuelle.&#8221;<\/p>\n<p>&nbsp;<\/p>\n<p>&nbsp;<\/p>\n","protected":false},"excerpt":{"rendered":"<p>B\u00e9n\u00e9vole du mois \u2013 mars Kevin Farinaro Nous sommes heureux d&#8217;annoncer notre B\u00e9n\u00e9vole du mois de mars : Kevin Farinaro ! Voici un message de Kevin: &#8220;C&#8217;est g\u00e9nial et je tiens \u00e0 vous remercier tous de m&#8217;avoir donn\u00e9 l&#8217;occasion de faire cette exp\u00e9rience. Mon exp\u00e9rience jusqu&#8217;\u00e0 pr\u00e9sent a \u00e9t\u00e9 sup\u00e9rieure \u00e0 ce que je pouvais imaginer gr\u00e2ce \u00e0 la merveilleuse \u00e9quipe de . Avec un emploi du temps charg\u00e9 et l&#8217;importance de donner un peu de mon temps pour aider&hellip;<\/p>\n","protected":false},"author":1,"featured_media":0,"comment_status":"open","ping_status":"open","sticky":false,"template":"","format":"standard","meta":{"om_disable_all_campaigns":false,"_monsterinsights_skip_tracking":false,"_monsterinsights_sitenote_active":false,"_monsterinsights_sitenote_note":"","_monsterinsights_sitenote_category":0},"categories":[44],"tags":[],"aioseo_notices":[],"_links":{"self":[{"href":"https:\/\/www.minibiblioplus.org\/index.php\/wp-json\/wp\/v2\/posts\/2841"}],"collection":[{"href":"https:\/\/www.minibiblioplus.org\/index.php\/wp-json\/wp\/v2\/posts"}],"about":[{"href":"https:\/\/www.minibiblioplus.org\/index.php\/wp-json\/wp\/v2\/types\/post"}],"author":[{"embeddable":true,"href":"https:\/\/www.minibiblioplus.org\/index.php\/wp-json\/wp\/v2\/users\/1"}],"replies":[{"embeddable":true,"href":"https:\/\/www.minibiblioplus.org\/index.php\/wp-json\/wp\/v2\/comments?post=2841"}],"version-history":[{"count":1,"href":"https:\/\/www.minibiblioplus.org\/index.php\/wp-json\/wp\/v2\/posts\/2841\/revisions"}],"predecessor-version":[{"id":2843,"href":"https:\/\/www.minibiblioplus.org\/index.php\/wp-json\/wp\/v2\/posts\/2841\/revisions\/2843"}],"wp:attachment":[{"href":"https:\/\/www.minibiblioplus.org\/index.php\/wp-json\/wp\/v2\/media?parent=2841"}],"wp:term":[{"taxonomy":"category","embeddable":true,"href":"https:\/\/www.minibiblioplus.org\/index.php\/wp-json\/wp\/v2\/categories?post=2841"},{"taxonomy":"post_tag","embeddable":true,"href":"https:\/\/www.minibiblioplus.org\/index.php\/wp-json\/wp\/v2\/tags?post=2841"}],"curies":[{"name":"wp","href":"https:\/\/api.w.org\/{rel}","templated":true}]}}