{"id":2958,"date":"2021-06-02T15:40:44","date_gmt":"2021-06-02T15:40:44","guid":{"rendered":"http:\/\/minibiblioplus.org\/?p=2958"},"modified":"2021-06-04T16:21:45","modified_gmt":"2021-06-04T16:21:45","slug":"benevole-du-mois-juin-2021","status":"publish","type":"post","link":"https:\/\/www.minibiblioplus.org\/index.php\/2021\/06\/02\/benevole-du-mois-juin-2021\/","title":{"rendered":"B\u00e9n\u00e9vole du mois \u2013 juin 2021"},"content":{"rendered":"<p><img loading=\"lazy\" class=\"alignnone size-medium wp-image-2959\" src=\"https:\/\/minibiblioplus.org\/wp-content\/uploads\/2021\/06\/Wilder-VoM-1-225x300.jpeg\" alt=\"\" width=\"225\" height=\"300\" srcset=\"https:\/\/www.minibiblioplus.org\/wp-content\/uploads\/2021\/06\/Wilder-VoM-1-225x300.jpeg 225w, https:\/\/www.minibiblioplus.org\/wp-content\/uploads\/2021\/06\/Wilder-VoM-1-768x1024.jpeg 768w, https:\/\/www.minibiblioplus.org\/wp-content\/uploads\/2021\/06\/Wilder-VoM-1.jpeg 960w\" sizes=\"(max-width: 225px) 100vw, 225px\" \/><\/p>\n<h3>B\u00e9n\u00e9vole du mois \u2013 juin<\/h3>\n<h2><span style=\"color: #3366ff;\"><strong>Wilder Sanchez<\/strong><\/span><\/h2>\n<p>Nous sommes heureux d&#8217;annoncer notre B\u00e9n\u00e9vole du mois de juin : Wilder Sanchez ! Voici un message de Wilder: &#8220;Au cours de mon processus d&#8217;int\u00e9gration sociale au Qu\u00e9bec, <img loading=\"lazy\" class=\"alignnone wp-image-953\" src=\"https:\/\/minibiblioplus.org\/\/wp-content\/uploads\/2019\/08\/colour-300x39.png\" sizes=\"(max-width: 108px) 100vw, 108px\" srcset=\"https:\/\/minibiblioplus.org\/wp-content\/uploads\/2019\/08\/colour-300x39.png 300w, https:\/\/minibiblioplus.org\/wp-content\/uploads\/2019\/08\/colour-768x99.png 768w, https:\/\/minibiblioplus.org\/wp-content\/uploads\/2019\/08\/colour-1024x132.png 1024w\" alt=\"\" width=\"115\" height=\"15\" \/>\u00a0\u00a0a \u00e9t\u00e9 une belle d\u00e9couverte pour comprendre le sens et l&#8217;importance du b\u00e9n\u00e9volat.\u00a0De plus, l&#8217;heure du conte a \u00e9t\u00e9 une activit\u00e9 qui m&#8217;a permis de participer en famille et de renforcer les comp\u00e9tences en \u00e9quipe.\u00a0Ce fut une exp\u00e9rience de continuer \u00e0 d\u00e9couvrir les multiples options de participation sociale que nous avons autour de nous. Cela a \u00e9t\u00e9 fantastique! Je suis reconnaissant de votre mission et de la promotion de l&#8217;alphab\u00e9tisation pr\u00e9coce! \u00a0&#8220;<\/p>\n","protected":false},"excerpt":{"rendered":"<p>B\u00e9n\u00e9vole du mois \u2013 juin Wilder Sanchez Nous sommes heureux d&#8217;annoncer notre B\u00e9n\u00e9vole du mois de juin : Wilder Sanchez ! Voici un message de Wilder: &#8220;Au cours de mon processus d&#8217;int\u00e9gration sociale au Qu\u00e9bec, \u00a0\u00a0a \u00e9t\u00e9 une belle d\u00e9couverte pour comprendre le sens et l&#8217;importance du b\u00e9n\u00e9volat.\u00a0De plus, l&#8217;heure du conte a \u00e9t\u00e9 une activit\u00e9 qui m&#8217;a permis de participer en famille et de renforcer les comp\u00e9tences en \u00e9quipe.\u00a0Ce fut une exp\u00e9rience de continuer \u00e0 d\u00e9couvrir les multiples options&hellip;<\/p>\n","protected":false},"author":1,"featured_media":0,"comment_status":"open","ping_status":"open","sticky":false,"template":"","format":"standard","meta":{"om_disable_all_campaigns":false,"_monsterinsights_skip_tracking":false,"_monsterinsights_sitenote_active":false,"_monsterinsights_sitenote_note":"","_monsterinsights_sitenote_category":0},"categories":[44],"tags":[],"aioseo_notices":[],"_links":{"self":[{"href":"https:\/\/www.minibiblioplus.org\/index.php\/wp-json\/wp\/v2\/posts\/2958"}],"collection":[{"href":"https:\/\/www.minibiblioplus.org\/index.php\/wp-json\/wp\/v2\/posts"}],"about":[{"href":"https:\/\/www.minibiblioplus.org\/index.php\/wp-json\/wp\/v2\/types\/post"}],"author":[{"embeddable":true,"href":"https:\/\/www.minibiblioplus.org\/index.php\/wp-json\/wp\/v2\/users\/1"}],"replies":[{"embeddable":true,"href":"https:\/\/www.minibiblioplus.org\/index.php\/wp-json\/wp\/v2\/comments?post=2958"}],"version-history":[{"count":3,"href":"https:\/\/www.minibiblioplus.org\/index.php\/wp-json\/wp\/v2\/posts\/2958\/revisions"}],"predecessor-version":[{"id":2995,"href":"https:\/\/www.minibiblioplus.org\/index.php\/wp-json\/wp\/v2\/posts\/2958\/revisions\/2995"}],"wp:attachment":[{"href":"https:\/\/www.minibiblioplus.org\/index.php\/wp-json\/wp\/v2\/media?parent=2958"}],"wp:term":[{"taxonomy":"category","embeddable":true,"href":"https:\/\/www.minibiblioplus.org\/index.php\/wp-json\/wp\/v2\/categories?post=2958"},{"taxonomy":"post_tag","embeddable":true,"href":"https:\/\/www.minibiblioplus.org\/index.php\/wp-json\/wp\/v2\/tags?post=2958"}],"curies":[{"name":"wp","href":"https:\/\/api.w.org\/{rel}","templated":true}]}}