{"id":3030,"date":"2021-06-28T14:38:09","date_gmt":"2021-06-28T14:38:09","guid":{"rendered":"http:\/\/minibiblioplus.org\/?p=3030"},"modified":"2021-07-22T14:36:53","modified_gmt":"2021-07-22T14:36:53","slug":"lisons-cet-ete","status":"publish","type":"post","link":"https:\/\/www.minibiblioplus.org\/index.php\/2021\/06\/28\/lisons-cet-ete\/","title":{"rendered":"Lisons cet \u00e9t\u00e9 !"},"content":{"rendered":"<h1><a href=\"https:\/\/minibiblioplus.org\/wp-content\/uploads\/2021\/06\/LISONS-CET-%C3%89T%C3%89.pdf\"><img loading=\"lazy\" class=\"alignnone size-medium wp-image-3028\" src=\"https:\/\/minibiblioplus.org\/wp-content\/uploads\/2021\/06\/summer-books_marco_-FB-post-3-300x300.jpg\" alt=\"\" width=\"300\" height=\"300\" srcset=\"https:\/\/www.minibiblioplus.org\/wp-content\/uploads\/2021\/06\/summer-books_marco_-FB-post-3-300x300.jpg 300w, https:\/\/www.minibiblioplus.org\/wp-content\/uploads\/2021\/06\/summer-books_marco_-FB-post-3-1024x1024.jpg 1024w, https:\/\/www.minibiblioplus.org\/wp-content\/uploads\/2021\/06\/summer-books_marco_-FB-post-3-150x150.jpg 150w, https:\/\/www.minibiblioplus.org\/wp-content\/uploads\/2021\/06\/summer-books_marco_-FB-post-3-768x768.jpg 768w, https:\/\/www.minibiblioplus.org\/wp-content\/uploads\/2021\/06\/summer-books_marco_-FB-post-3-600x600.jpg 600w, https:\/\/www.minibiblioplus.org\/wp-content\/uploads\/2021\/06\/summer-books_marco_-FB-post-3.jpg 1080w\" sizes=\"(max-width: 300px) 100vw, 300px\" \/><\/a><\/h1>\n<h2><span style=\"color: #0000ff;\">Lisons cet \u00e9t\u00e9 !<\/span><\/h2>\n<p>Vous cherchez de bonnes lectures d&#8217;\u00e9t\u00e9 \u00e0 partager avec les enfants de votre entourage ? Voici une liste cr\u00e9\u00e9e par notre biblioth\u00e9caire, Marco, avec des livres amusants et passionnants \u00e0 d\u00e9couvrir pendant les jours d&#8217;\u00e9t\u00e9. Cliquez sur l&#8217;image pour acc\u00e9der \u00e0 la liste ! Bonne lecture !<\/p>\n","protected":false},"excerpt":{"rendered":"<p>Lisons cet \u00e9t\u00e9 ! Vous cherchez de bonnes lectures d&#8217;\u00e9t\u00e9 \u00e0 partager avec les enfants de votre entourage ? Voici une liste cr\u00e9\u00e9e par notre biblioth\u00e9caire, Marco, avec des livres amusants et passionnants \u00e0 d\u00e9couvrir pendant les jours d&#8217;\u00e9t\u00e9. Cliquez sur l&#8217;image pour acc\u00e9der \u00e0 la liste ! Bonne lecture !<\/p>\n","protected":false},"author":1,"featured_media":0,"comment_status":"open","ping_status":"open","sticky":false,"template":"","format":"standard","meta":{"om_disable_all_campaigns":false,"_monsterinsights_skip_tracking":false,"_monsterinsights_sitenote_active":false,"_monsterinsights_sitenote_note":"","_monsterinsights_sitenote_category":0},"categories":[89],"tags":[],"aioseo_notices":[],"_links":{"self":[{"href":"https:\/\/www.minibiblioplus.org\/index.php\/wp-json\/wp\/v2\/posts\/3030"}],"collection":[{"href":"https:\/\/www.minibiblioplus.org\/index.php\/wp-json\/wp\/v2\/posts"}],"about":[{"href":"https:\/\/www.minibiblioplus.org\/index.php\/wp-json\/wp\/v2\/types\/post"}],"author":[{"embeddable":true,"href":"https:\/\/www.minibiblioplus.org\/index.php\/wp-json\/wp\/v2\/users\/1"}],"replies":[{"embeddable":true,"href":"https:\/\/www.minibiblioplus.org\/index.php\/wp-json\/wp\/v2\/comments?post=3030"}],"version-history":[{"count":2,"href":"https:\/\/www.minibiblioplus.org\/index.php\/wp-json\/wp\/v2\/posts\/3030\/revisions"}],"predecessor-version":[{"id":3033,"href":"https:\/\/www.minibiblioplus.org\/index.php\/wp-json\/wp\/v2\/posts\/3030\/revisions\/3033"}],"wp:attachment":[{"href":"https:\/\/www.minibiblioplus.org\/index.php\/wp-json\/wp\/v2\/media?parent=3030"}],"wp:term":[{"taxonomy":"category","embeddable":true,"href":"https:\/\/www.minibiblioplus.org\/index.php\/wp-json\/wp\/v2\/categories?post=3030"},{"taxonomy":"post_tag","embeddable":true,"href":"https:\/\/www.minibiblioplus.org\/index.php\/wp-json\/wp\/v2\/tags?post=3030"}],"curies":[{"name":"wp","href":"https:\/\/api.w.org\/{rel}","templated":true}]}}