{"id":3043,"date":"2021-07-01T09:45:33","date_gmt":"2021-07-01T09:45:33","guid":{"rendered":"http:\/\/minibiblioplus.org\/?p=3043"},"modified":"2021-06-29T18:17:35","modified_gmt":"2021-06-29T18:17:35","slug":"benevole-du-mois-juillet-2021","status":"publish","type":"post","link":"https:\/\/www.minibiblioplus.org\/index.php\/2021\/07\/01\/benevole-du-mois-juillet-2021\/","title":{"rendered":"B\u00e9n\u00e9vole du mois \u2013 juillet 2021"},"content":{"rendered":"<p><img loading=\"lazy\" class=\"alignnone size-medium wp-image-3044\" src=\"https:\/\/minibiblioplus.org\/wp-content\/uploads\/2021\/06\/Maryam_B\u00e9n\u00e9vole_du_mois_juillet_2021-1-300x225.jpg\" alt=\"\" width=\"300\" height=\"225\" srcset=\"https:\/\/www.minibiblioplus.org\/wp-content\/uploads\/2021\/06\/Maryam_B\u00e9n\u00e9vole_du_mois_juillet_2021-1-300x225.jpg 300w, https:\/\/www.minibiblioplus.org\/wp-content\/uploads\/2021\/06\/Maryam_B\u00e9n\u00e9vole_du_mois_juillet_2021-1-1024x768.jpg 1024w, https:\/\/www.minibiblioplus.org\/wp-content\/uploads\/2021\/06\/Maryam_B\u00e9n\u00e9vole_du_mois_juillet_2021-1-768x576.jpg 768w, https:\/\/www.minibiblioplus.org\/wp-content\/uploads\/2021\/06\/Maryam_B\u00e9n\u00e9vole_du_mois_juillet_2021-1-1536x1152.jpg 1536w, https:\/\/www.minibiblioplus.org\/wp-content\/uploads\/2021\/06\/Maryam_B\u00e9n\u00e9vole_du_mois_juillet_2021-1-2048x1536.jpg 2048w\" sizes=\"(max-width: 300px) 100vw, 300px\" \/><\/p>\n<h3>B\u00e9n\u00e9vole du mois \u2013\u00a0 juillet<\/h3>\n<h2><span style=\"color: #3366ff;\"><strong>Maryam Malki<\/strong><\/span><\/h2>\n<p>Nous sommes heureux d&#8217;annoncer notre B\u00e9n\u00e9vole du mois de juillet: <strong>Maryam Malki<\/strong> ! Voici un message de Maryam: &#8220;Quelle joie d\u2019\u00eatre b\u00e9n\u00e9vole aupr\u00e8s d\u2019une organisation aussi merveilleuse et accueillante que <img loading=\"lazy\" class=\"alignnone wp-image-953\" src=\"https:\/\/minibiblioplus.org\/\/wp-content\/uploads\/2019\/08\/colour-300x39.png\" sizes=\"(max-width: 108px) 100vw, 108px\" srcset=\"https:\/\/minibiblioplus.org\/wp-content\/uploads\/2019\/08\/colour-300x39.png 300w, https:\/\/minibiblioplus.org\/wp-content\/uploads\/2019\/08\/colour-768x99.png 768w, https:\/\/minibiblioplus.org\/wp-content\/uploads\/2019\/08\/colour-1024x132.png 1024w\" alt=\"\" width=\"115\" height=\"15\" \/>\u00a0! En plus de vivre des aventures extraordinaires et de replonger en enfance au travers de chaque histoire, animer l\u2019heure du conte me permet de promouvoir et de partager la passion et le go\u00fbt pour la lecture et l\u2019apprentissage aupr\u00e8s d\u2019un tr\u00e8s jeune public, soit une mission qui est tr\u00e8s ch\u00e8re \u00e0 mon c\u0153ur. J\u2019estime que la lecture constitue un pilier essentiel du d\u00e9veloppement et de l\u2019\u00e9panouissement des enfants et je suis convaincue que le travail extraordinaire r\u00e9alis\u00e9 par l\u2019incroyable \u00e9quipe et les b\u00e9n\u00e9voles engag\u00e9s et enthousiastes de <img loading=\"lazy\" class=\"alignnone wp-image-953\" src=\"https:\/\/minibiblioplus.org\/\/wp-content\/uploads\/2019\/08\/colour-300x39.png\" sizes=\"(max-width: 108px) 100vw, 108px\" srcset=\"https:\/\/minibiblioplus.org\/wp-content\/uploads\/2019\/08\/colour-300x39.png 300w, https:\/\/minibiblioplus.org\/wp-content\/uploads\/2019\/08\/colour-768x99.png 768w, https:\/\/minibiblioplus.org\/wp-content\/uploads\/2019\/08\/colour-1024x132.png 1024w\" alt=\"\" width=\"115\" height=\"15\" \/>\u00a0contribuera immens\u00e9ment \u00e0 relever les niveaux d\u2019alphab\u00e9tisation au sein de notre communaut\u00e9 !&#8221;<\/p>\n","protected":false},"excerpt":{"rendered":"<p>B\u00e9n\u00e9vole du mois \u2013\u00a0 juillet Maryam Malki Nous sommes heureux d&#8217;annoncer notre B\u00e9n\u00e9vole du mois de juillet: Maryam Malki ! Voici un message de Maryam: &#8220;Quelle joie d\u2019\u00eatre b\u00e9n\u00e9vole aupr\u00e8s d\u2019une organisation aussi merveilleuse et accueillante que \u00a0! En plus de vivre des aventures extraordinaires et de replonger en enfance au travers de chaque histoire, animer l\u2019heure du conte me permet de promouvoir et de partager la passion et le go\u00fbt pour la lecture et l\u2019apprentissage aupr\u00e8s d\u2019un tr\u00e8s jeune&hellip;<\/p>\n","protected":false},"author":1,"featured_media":0,"comment_status":"open","ping_status":"open","sticky":false,"template":"","format":"standard","meta":{"om_disable_all_campaigns":false,"_monsterinsights_skip_tracking":false,"_monsterinsights_sitenote_active":false,"_monsterinsights_sitenote_note":"","_monsterinsights_sitenote_category":0},"categories":[44],"tags":[],"aioseo_notices":[],"_links":{"self":[{"href":"https:\/\/www.minibiblioplus.org\/index.php\/wp-json\/wp\/v2\/posts\/3043"}],"collection":[{"href":"https:\/\/www.minibiblioplus.org\/index.php\/wp-json\/wp\/v2\/posts"}],"about":[{"href":"https:\/\/www.minibiblioplus.org\/index.php\/wp-json\/wp\/v2\/types\/post"}],"author":[{"embeddable":true,"href":"https:\/\/www.minibiblioplus.org\/index.php\/wp-json\/wp\/v2\/users\/1"}],"replies":[{"embeddable":true,"href":"https:\/\/www.minibiblioplus.org\/index.php\/wp-json\/wp\/v2\/comments?post=3043"}],"version-history":[{"count":3,"href":"https:\/\/www.minibiblioplus.org\/index.php\/wp-json\/wp\/v2\/posts\/3043\/revisions"}],"predecessor-version":[{"id":3047,"href":"https:\/\/www.minibiblioplus.org\/index.php\/wp-json\/wp\/v2\/posts\/3043\/revisions\/3047"}],"wp:attachment":[{"href":"https:\/\/www.minibiblioplus.org\/index.php\/wp-json\/wp\/v2\/media?parent=3043"}],"wp:term":[{"taxonomy":"category","embeddable":true,"href":"https:\/\/www.minibiblioplus.org\/index.php\/wp-json\/wp\/v2\/categories?post=3043"},{"taxonomy":"post_tag","embeddable":true,"href":"https:\/\/www.minibiblioplus.org\/index.php\/wp-json\/wp\/v2\/tags?post=3043"}],"curies":[{"name":"wp","href":"https:\/\/api.w.org\/{rel}","templated":true}]}}