{"id":3132,"date":"2021-08-01T16:26:35","date_gmt":"2021-08-01T16:26:35","guid":{"rendered":"http:\/\/minibiblioplus.org\/?p=3132"},"modified":"2021-07-30T16:30:37","modified_gmt":"2021-07-30T16:30:37","slug":"benevole-du-mois-aout-2021","status":"publish","type":"post","link":"https:\/\/www.minibiblioplus.org\/index.php\/2021\/08\/01\/benevole-du-mois-aout-2021\/","title":{"rendered":"B\u00e9n\u00e9vole du mois \u2013 Ao\u00fbt 2021"},"content":{"rendered":"<div class=\"post-byline\"><img loading=\"lazy\" class=\"alignnone size-medium wp-image-3130\" src=\"https:\/\/minibiblioplus.org\/wp-content\/uploads\/2021\/07\/photo-300x225.jpg\" alt=\"\" width=\"300\" height=\"225\" srcset=\"https:\/\/www.minibiblioplus.org\/wp-content\/uploads\/2021\/07\/photo-300x225.jpg 300w, https:\/\/www.minibiblioplus.org\/wp-content\/uploads\/2021\/07\/photo-1024x769.jpg 1024w, https:\/\/www.minibiblioplus.org\/wp-content\/uploads\/2021\/07\/photo-768x577.jpg 768w, https:\/\/www.minibiblioplus.org\/wp-content\/uploads\/2021\/07\/photo-1536x1154.jpg 1536w, https:\/\/www.minibiblioplus.org\/wp-content\/uploads\/2021\/07\/photo-2048x1539.jpg 2048w\" sizes=\"(max-width: 300px) 100vw, 300px\" \/><\/div>\n<div><\/div>\n<div class=\"post-content\">\n<h2><span style=\"color: #3366ff;\"><strong>Nina Cloutier\u00a0<\/strong><\/span><\/h2>\n<p>Nous sommes heureux d&#8217;annoncer notre B\u00e9n\u00e9vole du mois de juillet: <strong>NIna Cloutier<\/strong> ! Voici un message de Nina:<\/p>\n<p>&#8220;Faire du b\u00e9n\u00e9volat pour le projet <img loading=\"lazy\" class=\"\" src=\"https:\/\/minibiblioplus.org\/\/wp-content\/uploads\/2019\/08\/colour-300x39.png\" width=\"122\" height=\"16\" \/> a \u00e9t\u00e9 vraiment sp\u00e9cial. Non seulement j&#8217;ai \u00e9largi mes connaissances en mati\u00e8re de litt\u00e9rature jeunesse et d&#8217;alphab\u00e9tisation, mais j&#8217;ai \u00e9galement pu aider des personnes incroyables. Que ce soit un ancien professeur qui avait besoin de recommandations de livres pour son nouveau-n\u00e9 ou un inconnu chez Indigo qui avait besoin d&#8217;aide pour choisir des livres pour sa fille, le temps que j&#8217;ai pass\u00e9 avec <img loading=\"lazy\" class=\"\" src=\"https:\/\/minibiblioplus.org\/\/wp-content\/uploads\/2019\/08\/colour-300x39.png\" width=\"122\" height=\"16\" \/> m&#8217;a servi autant que j&#8217;esp\u00e8re qu&#8217;il a servi \u00e0 d&#8217;autres. Je suis enthousiaste \u00e0 l&#8217;id\u00e9e de continuer \u00e0 travailler aux c\u00f4t\u00e9s du personnel d\u00e9vou\u00e9 et de contribuer \u00e0 une culture de la lecture favorable et inspirante pour les enfants.<\/p>\n<\/div>\n","protected":false},"excerpt":{"rendered":"<p>Nina Cloutier\u00a0 Nous sommes heureux d&#8217;annoncer notre B\u00e9n\u00e9vole du mois de juillet: NIna Cloutier ! Voici un message de Nina: &#8220;Faire du b\u00e9n\u00e9volat pour le projet a \u00e9t\u00e9 vraiment sp\u00e9cial. Non seulement j&#8217;ai \u00e9largi mes connaissances en mati\u00e8re de litt\u00e9rature jeunesse et d&#8217;alphab\u00e9tisation, mais j&#8217;ai \u00e9galement pu aider des personnes incroyables. Que ce soit un ancien professeur qui avait besoin de recommandations de livres pour son nouveau-n\u00e9 ou un inconnu chez Indigo qui avait besoin d&#8217;aide pour choisir des livres&hellip;<\/p>\n","protected":false},"author":1,"featured_media":0,"comment_status":"open","ping_status":"open","sticky":false,"template":"","format":"standard","meta":{"om_disable_all_campaigns":false,"_monsterinsights_skip_tracking":false,"_monsterinsights_sitenote_active":false,"_monsterinsights_sitenote_note":"","_monsterinsights_sitenote_category":0},"categories":[44],"tags":[],"aioseo_notices":[],"_links":{"self":[{"href":"https:\/\/www.minibiblioplus.org\/index.php\/wp-json\/wp\/v2\/posts\/3132"}],"collection":[{"href":"https:\/\/www.minibiblioplus.org\/index.php\/wp-json\/wp\/v2\/posts"}],"about":[{"href":"https:\/\/www.minibiblioplus.org\/index.php\/wp-json\/wp\/v2\/types\/post"}],"author":[{"embeddable":true,"href":"https:\/\/www.minibiblioplus.org\/index.php\/wp-json\/wp\/v2\/users\/1"}],"replies":[{"embeddable":true,"href":"https:\/\/www.minibiblioplus.org\/index.php\/wp-json\/wp\/v2\/comments?post=3132"}],"version-history":[{"count":1,"href":"https:\/\/www.minibiblioplus.org\/index.php\/wp-json\/wp\/v2\/posts\/3132\/revisions"}],"predecessor-version":[{"id":3133,"href":"https:\/\/www.minibiblioplus.org\/index.php\/wp-json\/wp\/v2\/posts\/3132\/revisions\/3133"}],"wp:attachment":[{"href":"https:\/\/www.minibiblioplus.org\/index.php\/wp-json\/wp\/v2\/media?parent=3132"}],"wp:term":[{"taxonomy":"category","embeddable":true,"href":"https:\/\/www.minibiblioplus.org\/index.php\/wp-json\/wp\/v2\/categories?post=3132"},{"taxonomy":"post_tag","embeddable":true,"href":"https:\/\/www.minibiblioplus.org\/index.php\/wp-json\/wp\/v2\/tags?post=3132"}],"curies":[{"name":"wp","href":"https:\/\/api.w.org\/{rel}","templated":true}]}}