{"id":3168,"date":"2021-07-01T16:05:19","date_gmt":"2021-07-01T16:05:19","guid":{"rendered":"http:\/\/minibiblioplus.org\/?p=3168"},"modified":"2021-08-13T16:18:30","modified_gmt":"2021-08-13T16:18:30","slug":"une-journee-de-reflexion","status":"publish","type":"post","link":"https:\/\/www.minibiblioplus.org\/index.php\/2021\/07\/01\/une-journee-de-reflexion\/","title":{"rendered":"Une journ\u00e9e de r\u00e9flexion"},"content":{"rendered":"<p><a href=\"https:\/\/ici.radio-canada.ca\/...\/livres-jeunesse...\"><img loading=\"lazy\" class=\"alignnone size-medium wp-image-3169\" src=\"https:\/\/minibiblioplus.org\/wp-content\/uploads\/2021\/08\/210249970_200183918773391_5376372513874829420_n-300x240.jpg\" alt=\"\" width=\"300\" height=\"240\" srcset=\"https:\/\/www.minibiblioplus.org\/wp-content\/uploads\/2021\/08\/210249970_200183918773391_5376372513874829420_n-300x240.jpg 300w, https:\/\/www.minibiblioplus.org\/wp-content\/uploads\/2021\/08\/210249970_200183918773391_5376372513874829420_n-1024x819.jpg 1024w, https:\/\/www.minibiblioplus.org\/wp-content\/uploads\/2021\/08\/210249970_200183918773391_5376372513874829420_n-768x614.jpg 768w, https:\/\/www.minibiblioplus.org\/wp-content\/uploads\/2021\/08\/210249970_200183918773391_5376372513874829420_n-1536x1229.jpg 1536w, https:\/\/www.minibiblioplus.org\/wp-content\/uploads\/2021\/08\/210249970_200183918773391_5376372513874829420_n.jpg 2000w\" sizes=\"(max-width: 300px) 100vw, 300px\" \/><\/a><\/p>\n<h2><span style=\"color: #3366ff;\"><strong>Une journ\u00e9e de r\u00e9flexion\u00a0<\/strong><\/span><\/h2>\n<p>Ce 1e juillet, r\u00e9fl\u00e9chissons dans l&#8217;esprit de r\u00e9conciliation pour les g\u00e9n\u00e9rations d&#8217;enfants \u00e0 venir.<\/p>\n<p>Voici 10 livres jeunesse autochtones \u00e0 d\u00e9couvrir.<\/p>\n","protected":false},"excerpt":{"rendered":"<p>Une journ\u00e9e de r\u00e9flexion\u00a0 Ce 1e juillet, r\u00e9fl\u00e9chissons dans l&#8217;esprit de r\u00e9conciliation pour les g\u00e9n\u00e9rations d&#8217;enfants \u00e0 venir. Voici 10 livres jeunesse autochtones \u00e0 d\u00e9couvrir.<\/p>\n","protected":false},"author":1,"featured_media":0,"comment_status":"open","ping_status":"open","sticky":false,"template":"","format":"standard","meta":{"om_disable_all_campaigns":false,"_monsterinsights_skip_tracking":false,"_monsterinsights_sitenote_active":false,"_monsterinsights_sitenote_note":"","_monsterinsights_sitenote_category":0},"categories":[89],"tags":[],"aioseo_notices":[],"_links":{"self":[{"href":"https:\/\/www.minibiblioplus.org\/index.php\/wp-json\/wp\/v2\/posts\/3168"}],"collection":[{"href":"https:\/\/www.minibiblioplus.org\/index.php\/wp-json\/wp\/v2\/posts"}],"about":[{"href":"https:\/\/www.minibiblioplus.org\/index.php\/wp-json\/wp\/v2\/types\/post"}],"author":[{"embeddable":true,"href":"https:\/\/www.minibiblioplus.org\/index.php\/wp-json\/wp\/v2\/users\/1"}],"replies":[{"embeddable":true,"href":"https:\/\/www.minibiblioplus.org\/index.php\/wp-json\/wp\/v2\/comments?post=3168"}],"version-history":[{"count":2,"href":"https:\/\/www.minibiblioplus.org\/index.php\/wp-json\/wp\/v2\/posts\/3168\/revisions"}],"predecessor-version":[{"id":3179,"href":"https:\/\/www.minibiblioplus.org\/index.php\/wp-json\/wp\/v2\/posts\/3168\/revisions\/3179"}],"wp:attachment":[{"href":"https:\/\/www.minibiblioplus.org\/index.php\/wp-json\/wp\/v2\/media?parent=3168"}],"wp:term":[{"taxonomy":"category","embeddable":true,"href":"https:\/\/www.minibiblioplus.org\/index.php\/wp-json\/wp\/v2\/categories?post=3168"},{"taxonomy":"post_tag","embeddable":true,"href":"https:\/\/www.minibiblioplus.org\/index.php\/wp-json\/wp\/v2\/tags?post=3168"}],"curies":[{"name":"wp","href":"https:\/\/api.w.org\/{rel}","templated":true}]}}