{"id":3240,"date":"2021-09-02T13:50:16","date_gmt":"2021-09-02T13:50:16","guid":{"rendered":"http:\/\/minibiblioplus.org\/?p=3240"},"modified":"2021-09-02T13:51:43","modified_gmt":"2021-09-02T13:51:43","slug":"benevole-du-mois-septembre-2021","status":"publish","type":"post","link":"https:\/\/www.minibiblioplus.org\/index.php\/2021\/09\/02\/benevole-du-mois-septembre-2021\/","title":{"rendered":"B\u00e9n\u00e9vole du mois &#8211; septembre 2021"},"content":{"rendered":"<p><img loading=\"lazy\" class=\"alignnone wp-image-3241\" src=\"https:\/\/minibiblioplus.org\/wp-content\/uploads\/2021\/09\/Picture-1-1-300x169.jpg\" alt=\"\" width=\"422\" height=\"238\" srcset=\"https:\/\/www.minibiblioplus.org\/wp-content\/uploads\/2021\/09\/Picture-1-1-300x169.jpg 300w, https:\/\/www.minibiblioplus.org\/wp-content\/uploads\/2021\/09\/Picture-1-1-1024x576.jpg 1024w, https:\/\/www.minibiblioplus.org\/wp-content\/uploads\/2021\/09\/Picture-1-1-768x432.jpg 768w, https:\/\/www.minibiblioplus.org\/wp-content\/uploads\/2021\/09\/Picture-1-1-1536x864.jpg 1536w, https:\/\/www.minibiblioplus.org\/wp-content\/uploads\/2021\/09\/Picture-1-1.jpg 1668w\" sizes=\"(max-width: 422px) 100vw, 422px\" \/><\/p>\n<h2><strong><span style=\"color: #3366ff;\">Maira Claudio<\/span><\/strong><\/h2>\n<p>Nous sommes ravis de mettre en avant ce mois-ci le travail de Maira Claudio qui apporte la joie des livres et de la lecture aux enfants de notre communaut\u00e9. Voici ce qu&#8217;elle a \u00e0 dire:<\/p>\n<p>&#8220;Ce fut une exp\u00e9rience remarquable de faire du b\u00e9n\u00e9volat avec <img loading=\"lazy\" class=\"\" src=\"https:\/\/minibiblioplus.org\/\/wp-content\/uploads\/2019\/08\/colour-300x39.png\" width=\"130\" height=\"17\" \/>. En grandissant, j&#8217;\u00e9tais autrefois \u00e0 la place des enfants, profitant des livres et de l&#8217;heure du conte. Maintenant, c&#8217;est un honneur pour moi de partager mon amour pour la lecture avec les enfants d&#8217;aujourd&#8217;hui. La joie des enfants alors qu&#8217;ils courent s&#8217;asseoir devant moi \u00e0 mon arriv\u00e9e continue d&#8217;\u00eatre le point culminant de mes semaines. De plus, la lumi\u00e8re dans les yeux des enfants et la joie dans leurs voix lorsqu&#8217;ils demandent qu&#8217;un autre livre soit lu est l&#8217;un des exemples marquants, qui met en valeur la mission de <img loading=\"lazy\" class=\"\" src=\"https:\/\/minibiblioplus.org\/\/wp-content\/uploads\/2019\/08\/colour-300x39.png\" width=\"130\" height=\"17\" \/>. Je crois que la lecture rassemble tout le monde \u00e0 travers les aventures et les le\u00e7ons de vie importantes. J&#8217;ai he de continuer \u00e0 assister l\u2019am\u00e9lioration des niveaux d&#8217;alphab\u00e9tisation \u00e0 Montr\u00e9al avec les enfants avec qui j&#8217;ai \u00e9tabli un lien si incroyable au cours de la derni\u00e8re ann\u00e9e ! &#8220;<\/p>\n","protected":false},"excerpt":{"rendered":"<p>Maira Claudio Nous sommes ravis de mettre en avant ce mois-ci le travail de Maira Claudio qui apporte la joie des livres et de la lecture aux enfants de notre communaut\u00e9. Voici ce qu&#8217;elle a \u00e0 dire: &#8220;Ce fut une exp\u00e9rience remarquable de faire du b\u00e9n\u00e9volat avec . En grandissant, j&#8217;\u00e9tais autrefois \u00e0 la place des enfants, profitant des livres et de l&#8217;heure du conte. Maintenant, c&#8217;est un honneur pour moi de partager mon amour pour la lecture avec les&hellip;<\/p>\n","protected":false},"author":1,"featured_media":0,"comment_status":"open","ping_status":"open","sticky":false,"template":"","format":"standard","meta":{"om_disable_all_campaigns":false,"_monsterinsights_skip_tracking":false,"_monsterinsights_sitenote_active":false,"_monsterinsights_sitenote_note":"","_monsterinsights_sitenote_category":0},"categories":[44],"tags":[],"aioseo_notices":[],"_links":{"self":[{"href":"https:\/\/www.minibiblioplus.org\/index.php\/wp-json\/wp\/v2\/posts\/3240"}],"collection":[{"href":"https:\/\/www.minibiblioplus.org\/index.php\/wp-json\/wp\/v2\/posts"}],"about":[{"href":"https:\/\/www.minibiblioplus.org\/index.php\/wp-json\/wp\/v2\/types\/post"}],"author":[{"embeddable":true,"href":"https:\/\/www.minibiblioplus.org\/index.php\/wp-json\/wp\/v2\/users\/1"}],"replies":[{"embeddable":true,"href":"https:\/\/www.minibiblioplus.org\/index.php\/wp-json\/wp\/v2\/comments?post=3240"}],"version-history":[{"count":3,"href":"https:\/\/www.minibiblioplus.org\/index.php\/wp-json\/wp\/v2\/posts\/3240\/revisions"}],"predecessor-version":[{"id":3244,"href":"https:\/\/www.minibiblioplus.org\/index.php\/wp-json\/wp\/v2\/posts\/3240\/revisions\/3244"}],"wp:attachment":[{"href":"https:\/\/www.minibiblioplus.org\/index.php\/wp-json\/wp\/v2\/media?parent=3240"}],"wp:term":[{"taxonomy":"category","embeddable":true,"href":"https:\/\/www.minibiblioplus.org\/index.php\/wp-json\/wp\/v2\/categories?post=3240"},{"taxonomy":"post_tag","embeddable":true,"href":"https:\/\/www.minibiblioplus.org\/index.php\/wp-json\/wp\/v2\/tags?post=3240"}],"curies":[{"name":"wp","href":"https:\/\/api.w.org\/{rel}","templated":true}]}}