{"id":3274,"date":"2021-09-08T13:54:04","date_gmt":"2021-09-08T13:54:04","guid":{"rendered":"http:\/\/minibiblioplus.org\/?p=3274"},"modified":"2021-09-15T13:57:17","modified_gmt":"2021-09-15T13:57:17","slug":"journee-internationale-de-lalphabetisation-2021","status":"publish","type":"post","link":"https:\/\/www.minibiblioplus.org\/index.php\/2021\/09\/08\/journee-internationale-de-lalphabetisation-2021\/","title":{"rendered":"Journ\u00e9e internationale de l&#8217;alphab\u00e9tisation 2021"},"content":{"rendered":"<p><img loading=\"lazy\" class=\"alignnone size-medium wp-image-3275\" src=\"https:\/\/minibiblioplus.org\/wp-content\/uploads\/2021\/09\/International-Literacy-Day-2-1-300x251.jpg\" alt=\"\" width=\"300\" height=\"251\" srcset=\"https:\/\/www.minibiblioplus.org\/wp-content\/uploads\/2021\/09\/International-Literacy-Day-2-1-300x251.jpg 300w, https:\/\/www.minibiblioplus.org\/wp-content\/uploads\/2021\/09\/International-Literacy-Day-2-1-768x644.jpg 768w, https:\/\/www.minibiblioplus.org\/wp-content\/uploads\/2021\/09\/International-Literacy-Day-2-1.jpg 940w\" sizes=\"(max-width: 300px) 100vw, 300px\" \/><\/p>\n<p>C&#8217;\u00e9tait un tel plaisir de c\u00e9l\u00e9brer la Journ\u00e9e internationale de l&#8217;alphab\u00e9tisation avec notre partenaire, la <a class=\"oajrlxb2 g5ia77u1 qu0x051f esr5mh6w e9989ue4 r7d6kgcz rq0escxv nhd2j8a9 nc684nl6 p7hjln8o kvgmc6g5 cxmmr5t8 oygrvhab hcukyx3x jb3vyjys rz4wbd8a qt6c0cv9 a8nywdso i1ao9s8h esuyzwwr f1sip0of lzcic4wl q66pz984 gpro0wi8 b1v8xokw\" tabindex=\"0\" role=\"link\" href=\"https:\/\/www.facebook.com\/garderiemarypoppins\/?__cft__[0]=AZXJU4fjRJZEi6nT7vm-0OVkTVv6od0T3fJHXNHhAVKSEwYa0y2NZTzMkas6qm_z6JwKAWJLL1WM8h4tiq5qDnWcHltB9abdqOi6MWF2uxIIvQ_S4EC7bcOlNuspdzh3LLjH9dDEdxPrf4JKhMtM6zH3uRi_SWbI_IPosaRIsX6ZXA&amp;__tn__=kK-R\"><span class=\"nc684nl6\">Garderie Mary Poppins NDG<\/span><\/a>. Nous avons soulign\u00e9 le pouvoir des livres, des histoires et de la lecture aux enfants d\u00e8s le premier jour pour aider \u00e0 \u00e9lever les niveaux d&#8217;alphab\u00e9tisation et \u00e0 b\u00e2tir des communaut\u00e9s plus fortes et plus dynamiques. Nous remercions l&#8217;honorable ministre <a class=\"oajrlxb2 g5ia77u1 qu0x051f esr5mh6w e9989ue4 r7d6kgcz rq0escxv nhd2j8a9 nc684nl6 p7hjln8o kvgmc6g5 cxmmr5t8 oygrvhab hcukyx3x jb3vyjys rz4wbd8a qt6c0cv9 a8nywdso i1ao9s8h esuyzwwr f1sip0of lzcic4wl q66pz984 gpro0wi8 b1v8xokw\" tabindex=\"0\" role=\"link\" href=\"https:\/\/www.facebook.com\/marcgarneaump\/?__cft__[0]=AZXJU4fjRJZEi6nT7vm-0OVkTVv6od0T3fJHXNHhAVKSEwYa0y2NZTzMkas6qm_z6JwKAWJLL1WM8h4tiq5qDnWcHltB9abdqOi6MWF2uxIIvQ_S4EC7bcOlNuspdzh3LLjH9dDEdxPrf4JKhMtM6zH3uRi_SWbI_IPosaRIsX6ZXA&amp;__tn__=kK-R\"><span class=\"nc684nl6\">Marc Garneau<\/span><\/a>, qui a lu un livre d&#8217;histoires aux enfants en partageant son amour de la lecture.<\/p>\n","protected":false},"excerpt":{"rendered":"<p>C&#8217;\u00e9tait un tel plaisir de c\u00e9l\u00e9brer la Journ\u00e9e internationale de l&#8217;alphab\u00e9tisation avec notre partenaire, la Garderie Mary Poppins NDG. Nous avons soulign\u00e9 le pouvoir des livres, des histoires et de la lecture aux enfants d\u00e8s le premier jour pour aider \u00e0 \u00e9lever les niveaux d&#8217;alphab\u00e9tisation et \u00e0 b\u00e2tir des communaut\u00e9s plus fortes et plus dynamiques. Nous remercions l&#8217;honorable ministre Marc Garneau, qui a lu un livre d&#8217;histoires aux enfants en partageant son amour de la lecture.<\/p>\n","protected":false},"author":1,"featured_media":0,"comment_status":"open","ping_status":"open","sticky":false,"template":"","format":"standard","meta":{"om_disable_all_campaigns":false,"_monsterinsights_skip_tracking":false,"_monsterinsights_sitenote_active":false,"_monsterinsights_sitenote_note":"","_monsterinsights_sitenote_category":0},"categories":[51],"tags":[],"aioseo_notices":[],"_links":{"self":[{"href":"https:\/\/www.minibiblioplus.org\/index.php\/wp-json\/wp\/v2\/posts\/3274"}],"collection":[{"href":"https:\/\/www.minibiblioplus.org\/index.php\/wp-json\/wp\/v2\/posts"}],"about":[{"href":"https:\/\/www.minibiblioplus.org\/index.php\/wp-json\/wp\/v2\/types\/post"}],"author":[{"embeddable":true,"href":"https:\/\/www.minibiblioplus.org\/index.php\/wp-json\/wp\/v2\/users\/1"}],"replies":[{"embeddable":true,"href":"https:\/\/www.minibiblioplus.org\/index.php\/wp-json\/wp\/v2\/comments?post=3274"}],"version-history":[{"count":2,"href":"https:\/\/www.minibiblioplus.org\/index.php\/wp-json\/wp\/v2\/posts\/3274\/revisions"}],"predecessor-version":[{"id":3277,"href":"https:\/\/www.minibiblioplus.org\/index.php\/wp-json\/wp\/v2\/posts\/3274\/revisions\/3277"}],"wp:attachment":[{"href":"https:\/\/www.minibiblioplus.org\/index.php\/wp-json\/wp\/v2\/media?parent=3274"}],"wp:term":[{"taxonomy":"category","embeddable":true,"href":"https:\/\/www.minibiblioplus.org\/index.php\/wp-json\/wp\/v2\/categories?post=3274"},{"taxonomy":"post_tag","embeddable":true,"href":"https:\/\/www.minibiblioplus.org\/index.php\/wp-json\/wp\/v2\/tags?post=3274"}],"curies":[{"name":"wp","href":"https:\/\/api.w.org\/{rel}","templated":true}]}}