{"id":3337,"date":"2021-09-29T14:20:32","date_gmt":"2021-09-29T14:20:32","guid":{"rendered":"http:\/\/minibiblioplus.org\/?p=3337"},"modified":"2021-09-29T14:20:32","modified_gmt":"2021-09-29T14:20:32","slug":"journee-nationale-de-la-verite-et-de-la-reconciliation","status":"publish","type":"post","link":"https:\/\/www.minibiblioplus.org\/index.php\/2021\/09\/29\/journee-nationale-de-la-verite-et-de-la-reconciliation\/","title":{"rendered":"Journ\u00e9e nationale de la v\u00e9rit\u00e9 et de la r\u00e9conciliation"},"content":{"rendered":"<p><a href=\"https:\/\/minibiblioplus.org\/wp-content\/uploads\/2021\/09\/la-journee-du-chandail-orange_FB_francais.pdf\"><img loading=\"lazy\" class=\"alignnone size-medium wp-image-3338\" src=\"https:\/\/minibiblioplus.org\/wp-content\/uploads\/2021\/09\/Orange-Shirt-day-_FB-post-1-1-300x240.jpg\" alt=\"\" width=\"300\" height=\"240\" srcset=\"https:\/\/www.minibiblioplus.org\/wp-content\/uploads\/2021\/09\/Orange-Shirt-day-_FB-post-1-1-300x240.jpg 300w, https:\/\/www.minibiblioplus.org\/wp-content\/uploads\/2021\/09\/Orange-Shirt-day-_FB-post-1-1-1024x819.jpg 1024w, https:\/\/www.minibiblioplus.org\/wp-content\/uploads\/2021\/09\/Orange-Shirt-day-_FB-post-1-1-768x614.jpg 768w, https:\/\/www.minibiblioplus.org\/wp-content\/uploads\/2021\/09\/Orange-Shirt-day-_FB-post-1-1-1536x1229.jpg 1536w, https:\/\/www.minibiblioplus.org\/wp-content\/uploads\/2021\/09\/Orange-Shirt-day-_FB-post-1-1.jpg 2000w\" sizes=\"(max-width: 300px) 100vw, 300px\" \/><\/a><\/p>\n<p>Ce 30 septembre 2021, la premi\u00e8re Journ\u00e9e nationale de la v\u00e9rit\u00e9 et de la r\u00e9conciliation, un hommage aux enfants autochtones disparus et aux survivants du syst\u00e8me des pensionnats canadiens, ainsi qu&#8217;\u00e0 leurs familles et \u00e0 leurs communaut\u00e9s. Nous croyons que les livres et les histoires sont les meilleurs moyens d&#8217;engager des conversations sur ces sujets avec nos enfants. Nous vous proposons ici une liste de livres pour enfants \u00e9crits par des auteurs autochtones.<\/p>\n<p>#journeeduchandailorange\u00a0\u00a0 #chaqueenfantcompte<\/p>\n","protected":false},"excerpt":{"rendered":"<p>Ce 30 septembre 2021, la premi\u00e8re Journ\u00e9e nationale de la v\u00e9rit\u00e9 et de la r\u00e9conciliation, un hommage aux enfants autochtones disparus et aux survivants du syst\u00e8me des pensionnats canadiens, ainsi qu&#8217;\u00e0 leurs familles et \u00e0 leurs communaut\u00e9s. Nous croyons que les livres et les histoires sont les meilleurs moyens d&#8217;engager des conversations sur ces sujets avec nos enfants. Nous vous proposons ici une liste de livres pour enfants \u00e9crits par des auteurs autochtones. #journeeduchandailorange\u00a0\u00a0 #chaqueenfantcompte<\/p>\n","protected":false},"author":1,"featured_media":0,"comment_status":"open","ping_status":"open","sticky":false,"template":"","format":"standard","meta":{"om_disable_all_campaigns":false,"_monsterinsights_skip_tracking":false,"_monsterinsights_sitenote_active":false,"_monsterinsights_sitenote_note":"","_monsterinsights_sitenote_category":0},"categories":[89],"tags":[],"aioseo_notices":[],"_links":{"self":[{"href":"https:\/\/www.minibiblioplus.org\/index.php\/wp-json\/wp\/v2\/posts\/3337"}],"collection":[{"href":"https:\/\/www.minibiblioplus.org\/index.php\/wp-json\/wp\/v2\/posts"}],"about":[{"href":"https:\/\/www.minibiblioplus.org\/index.php\/wp-json\/wp\/v2\/types\/post"}],"author":[{"embeddable":true,"href":"https:\/\/www.minibiblioplus.org\/index.php\/wp-json\/wp\/v2\/users\/1"}],"replies":[{"embeddable":true,"href":"https:\/\/www.minibiblioplus.org\/index.php\/wp-json\/wp\/v2\/comments?post=3337"}],"version-history":[{"count":1,"href":"https:\/\/www.minibiblioplus.org\/index.php\/wp-json\/wp\/v2\/posts\/3337\/revisions"}],"predecessor-version":[{"id":3340,"href":"https:\/\/www.minibiblioplus.org\/index.php\/wp-json\/wp\/v2\/posts\/3337\/revisions\/3340"}],"wp:attachment":[{"href":"https:\/\/www.minibiblioplus.org\/index.php\/wp-json\/wp\/v2\/media?parent=3337"}],"wp:term":[{"taxonomy":"category","embeddable":true,"href":"https:\/\/www.minibiblioplus.org\/index.php\/wp-json\/wp\/v2\/categories?post=3337"},{"taxonomy":"post_tag","embeddable":true,"href":"https:\/\/www.minibiblioplus.org\/index.php\/wp-json\/wp\/v2\/tags?post=3337"}],"curies":[{"name":"wp","href":"https:\/\/api.w.org\/{rel}","templated":true}]}}