{"id":3422,"date":"2021-12-01T14:49:09","date_gmt":"2021-12-01T14:49:09","guid":{"rendered":"http:\/\/minibiblioplus.org\/?p=3422"},"modified":"2021-12-01T14:50:11","modified_gmt":"2021-12-01T14:50:11","slug":"benevole-du-mois-decembre-2021","status":"publish","type":"post","link":"https:\/\/www.minibiblioplus.org\/index.php\/2021\/12\/01\/benevole-du-mois-decembre-2021\/","title":{"rendered":"B\u00e9n\u00e9vole du mois &#8211; d\u00e9cembre 2021"},"content":{"rendered":"<p><img loading=\"lazy\" class=\"alignnone  wp-image-3423\" src=\"https:\/\/minibiblioplus.org\/wp-content\/uploads\/2021\/12\/Danilel-Vol-of-month-1-300x225.jpeg\" alt=\"\" width=\"332\" height=\"249\" srcset=\"https:\/\/www.minibiblioplus.org\/wp-content\/uploads\/2021\/12\/Danilel-Vol-of-month-1-300x225.jpeg 300w, https:\/\/www.minibiblioplus.org\/wp-content\/uploads\/2021\/12\/Danilel-Vol-of-month-1-1024x768.jpeg 1024w, https:\/\/www.minibiblioplus.org\/wp-content\/uploads\/2021\/12\/Danilel-Vol-of-month-1-768x576.jpeg 768w, https:\/\/www.minibiblioplus.org\/wp-content\/uploads\/2021\/12\/Danilel-Vol-of-month-1-1536x1152.jpeg 1536w, https:\/\/www.minibiblioplus.org\/wp-content\/uploads\/2021\/12\/Danilel-Vol-of-month-1-2048x1536.jpeg 2048w\" sizes=\"(max-width: 332px) 100vw, 332px\" \/><\/p>\n<h2><strong><span style=\"color: #3366ff;\">Daniel Savulescu<\/span><\/strong><\/h2>\n<p>Nous sommes heureux d\u2019annoncer notre B\u00e9n\u00e9vole du mois de d\u00e9cembre : Daniel Savulescu! Voici un message de Daniel:<\/p>\n<p>\u00ab <span class=\"JsGRdQ\">En tant qu\u2019\u00e9tudiant, pour ma premi\u00e8re exp\u00e9rience de b\u00e9n\u00e9volat j\u2019ai accept\u00e9 avec beaucoup d\u2019enthousiasme de joindre <img loading=\"lazy\" class=\"\" src=\"https:\/\/minibiblioplus.org\/\/wp-content\/uploads\/2019\/08\/colour-300x39.png\" width=\"130\" height=\"17\" \/><\/span><span class=\"JsGRdQ\">\u00a0parce que je trouve <\/span><span class=\"JsGRdQ\">qu\u2019il n\u2019est jamais trop t\u00f4t d\u2019introduire les livres dans la vie d\u2019un enfant.<\/span><span class=\"JsGRdQ\"> Faire sentir aux tout-petits le plaisir de se faire raconter une histoire me rappelle de la joie que j\u2019\u00e9prouvais lorsque mes parents me lisaient des histoires. Les livres m\u2019ont permis de stimuler mon <\/span><span class=\"JsGRdQ\">imagination<\/span><span class=\"JsGRdQ\"> et d\u2019\u00e9veiller ma <\/span><span class=\"JsGRdQ\">curiosit\u00e9<\/span><span class=\"JsGRdQ\">, de m\u2019\u00e9vader et de me plonger dans des <\/span><span class=\"JsGRdQ\">univers de r\u00eave<\/span><span class=\"JsGRdQ\">.<\/span> <span class=\"JsGRdQ\">Cette exp\u00e9rience tr\u00e8s valorisante me permet d\u2019\u00eatre non seulement une source des <\/span><span class=\"JsGRdQ\">renseignements<\/span><span class=\"JsGRdQ\"> contribuant \u00e0 l\u2019alphab\u00e9tisation des enfants et \u00e0 la promotion de l\u2019amour de la lecture mais aussi une <\/span><span class=\"JsGRdQ\">source de joie, de plaisir et de r\u00e9confort. <\/span><span class=\"JsGRdQ\">\u00bb<\/span><\/p>\n","protected":false},"excerpt":{"rendered":"<p>Daniel Savulescu Nous sommes heureux d\u2019annoncer notre B\u00e9n\u00e9vole du mois de d\u00e9cembre : Daniel Savulescu! Voici un message de Daniel: \u00ab En tant qu\u2019\u00e9tudiant, pour ma premi\u00e8re exp\u00e9rience de b\u00e9n\u00e9volat j\u2019ai accept\u00e9 avec beaucoup d\u2019enthousiasme de joindre \u00a0parce que je trouve qu\u2019il n\u2019est jamais trop t\u00f4t d\u2019introduire les livres dans la vie d\u2019un enfant. Faire sentir aux tout-petits le plaisir de se faire raconter une histoire me rappelle de la joie que j\u2019\u00e9prouvais lorsque mes parents me lisaient des histoires.&hellip;<\/p>\n","protected":false},"author":1,"featured_media":0,"comment_status":"open","ping_status":"open","sticky":false,"template":"","format":"standard","meta":{"om_disable_all_campaigns":false,"_monsterinsights_skip_tracking":false,"_monsterinsights_sitenote_active":false,"_monsterinsights_sitenote_note":"","_monsterinsights_sitenote_category":0},"categories":[44],"tags":[],"aioseo_notices":[],"_links":{"self":[{"href":"https:\/\/www.minibiblioplus.org\/index.php\/wp-json\/wp\/v2\/posts\/3422"}],"collection":[{"href":"https:\/\/www.minibiblioplus.org\/index.php\/wp-json\/wp\/v2\/posts"}],"about":[{"href":"https:\/\/www.minibiblioplus.org\/index.php\/wp-json\/wp\/v2\/types\/post"}],"author":[{"embeddable":true,"href":"https:\/\/www.minibiblioplus.org\/index.php\/wp-json\/wp\/v2\/users\/1"}],"replies":[{"embeddable":true,"href":"https:\/\/www.minibiblioplus.org\/index.php\/wp-json\/wp\/v2\/comments?post=3422"}],"version-history":[{"count":2,"href":"https:\/\/www.minibiblioplus.org\/index.php\/wp-json\/wp\/v2\/posts\/3422\/revisions"}],"predecessor-version":[{"id":3425,"href":"https:\/\/www.minibiblioplus.org\/index.php\/wp-json\/wp\/v2\/posts\/3422\/revisions\/3425"}],"wp:attachment":[{"href":"https:\/\/www.minibiblioplus.org\/index.php\/wp-json\/wp\/v2\/media?parent=3422"}],"wp:term":[{"taxonomy":"category","embeddable":true,"href":"https:\/\/www.minibiblioplus.org\/index.php\/wp-json\/wp\/v2\/categories?post=3422"},{"taxonomy":"post_tag","embeddable":true,"href":"https:\/\/www.minibiblioplus.org\/index.php\/wp-json\/wp\/v2\/tags?post=3422"}],"curies":[{"name":"wp","href":"https:\/\/api.w.org\/{rel}","templated":true}]}}