{"id":3516,"date":"2021-11-20T15:54:40","date_gmt":"2021-11-20T15:54:40","guid":{"rendered":"http:\/\/minibiblioplus.org\/?p=3516"},"modified":"2022-01-07T15:55:02","modified_gmt":"2022-01-07T15:55:02","slug":"salon-du-livre-de-montreal","status":"publish","type":"post","link":"https:\/\/www.minibiblioplus.org\/index.php\/2021\/11\/20\/salon-du-livre-de-montreal\/","title":{"rendered":"Salon du Livre de Montr\u00e9al"},"content":{"rendered":"<h4 dir=\"auto\"><img loading=\"lazy\" class=\"alignnone size-medium wp-image-3517\" src=\"https:\/\/minibiblioplus.org\/wp-content\/uploads\/2022\/01\/258763004_306642661460849_750488335298903363_n-300x225.jpg\" alt=\"\" width=\"300\" height=\"225\" srcset=\"https:\/\/www.minibiblioplus.org\/wp-content\/uploads\/2022\/01\/258763004_306642661460849_750488335298903363_n-300x225.jpg 300w, https:\/\/www.minibiblioplus.org\/wp-content\/uploads\/2022\/01\/258763004_306642661460849_750488335298903363_n-768x576.jpg 768w, https:\/\/www.minibiblioplus.org\/wp-content\/uploads\/2022\/01\/258763004_306642661460849_750488335298903363_n.jpg 828w\" sizes=\"(max-width: 300px) 100vw, 300px\" \/>\u00a0 \u00a0 <img loading=\"lazy\" class=\"alignnone size-medium wp-image-3519\" src=\"https:\/\/minibiblioplus.org\/wp-content\/uploads\/2022\/01\/258851616_306642788127503_6479872843578997397_n-300x225.jpg\" alt=\"\" width=\"300\" height=\"225\" srcset=\"https:\/\/www.minibiblioplus.org\/wp-content\/uploads\/2022\/01\/258851616_306642788127503_6479872843578997397_n-300x225.jpg 300w, https:\/\/www.minibiblioplus.org\/wp-content\/uploads\/2022\/01\/258851616_306642788127503_6479872843578997397_n-768x576.jpg 768w, https:\/\/www.minibiblioplus.org\/wp-content\/uploads\/2022\/01\/258851616_306642788127503_6479872843578997397_n.jpg 828w\" sizes=\"(max-width: 300px) 100vw, 300px\" \/><\/h4>\n<h4 dir=\"auto\"><span style=\"color: #3366ff;\">\u00c9v\u00e9nement\u00a0<\/span><\/h4>\n<div dir=\"auto\">Samedi dernier, nous nous sommes bien amus\u00e9s avec nos amis de l&#8217; <a href=\"https:\/\/www.facebook.com\/Association-Cigogne-441514669225782\">Association Cigogne<\/a> lors de l&#8217;\u00e9v\u00e9nement minibiblioPLUS <a class=\"oajrlxb2 g5ia77u1 qu0x051f esr5mh6w e9989ue4 r7d6kgcz rq0escxv nhd2j8a9 nc684nl6 p7hjln8o kvgmc6g5 cxmmr5t8 oygrvhab hcukyx3x jb3vyjys rz4wbd8a qt6c0cv9 a8nywdso i1ao9s8h esuyzwwr f1sip0of lzcic4wl gpro0wi8 q66pz984 b1v8xokw\" tabindex=\"0\" role=\"link\" href=\"https:\/\/www.facebook.com\/salondulivredemontreal\/?__cft__[0]=AZVw_lpTQ82e5NvL4kvvOMvOF5t7ys-Z6t_FV547r3mnuhUFtHvzaljGoniGzGn45zyvR7NxzUgRxe1q_t5ItZbXIzjj8LIu2Uu_2kgwOFyCn2JEiV4J-5s4Ctu4MmxGXNNC1P7dzExKXMMmdABfCEo1mFEDv_ZpqVVuxg_byGNiMg&amp;__tn__=kK-R\"><span class=\"nc684nl6\">Salon du livre de Montr\u00e9al<\/span><\/a> dans la ville. Nos invit\u00e9s sp\u00e9ciaux, Celine Cooper, <span class=\"nc684nl6\">Gillian Aitken<\/span> et David, ont lu aux enfants des histoires des \u00e9crivaines montr\u00e9alaises <span class=\"nc684nl6\">Elise Gravel<\/span>\u00a0et Melanie Watt <span class=\"nc684nl6\">Scaredy Squirrel<\/span>. Merci \u00e0 tous d&#8217;avoir particip\u00e9 et d&#8217;avoir partag\u00e9 votre amour de la lecture avec les tout-petits.<\/div>\n<div dir=\"auto\"><a class=\"oajrlxb2 g5ia77u1 qu0x051f esr5mh6w e9989ue4 r7d6kgcz rq0escxv nhd2j8a9 nc684nl6 p7hjln8o kvgmc6g5 cxmmr5t8 oygrvhab hcukyx3x jb3vyjys rz4wbd8a qt6c0cv9 a8nywdso i1ao9s8h esuyzwwr f1sip0of lzcic4wl gpro0wi8 q66pz984 b1v8xokw\" tabindex=\"0\" role=\"link\" href=\"https:\/\/www.facebook.com\/hashtag\/partagerlajoiedelalecture?__eep__=6&amp;__cft__[0]=AZVw_lpTQ82e5NvL4kvvOMvOF5t7ys-Z6t_FV547r3mnuhUFtHvzaljGoniGzGn45zyvR7NxzUgRxe1q_t5ItZbXIzjj8LIu2Uu_2kgwOFyCn2JEiV4J-5s4Ctu4MmxGXNNC1P7dzExKXMMmdABfCEo1mFEDv_ZpqVVuxg_byGNiMg&amp;__tn__=*NK-R\">#partagerlajoiedelalecture<\/a><\/div>\n<div dir=\"auto\"><a class=\"oajrlxb2 g5ia77u1 qu0x051f esr5mh6w e9989ue4 r7d6kgcz rq0escxv nhd2j8a9 nc684nl6 p7hjln8o kvgmc6g5 cxmmr5t8 oygrvhab hcukyx3x jb3vyjys rz4wbd8a qt6c0cv9 a8nywdso i1ao9s8h esuyzwwr f1sip0of lzcic4wl gpro0wi8 q66pz984 b1v8xokw\" tabindex=\"0\" role=\"link\" href=\"https:\/\/www.facebook.com\/hashtag\/salondulivre2021?__eep__=6&amp;__cft__[0]=AZVw_lpTQ82e5NvL4kvvOMvOF5t7ys-Z6t_FV547r3mnuhUFtHvzaljGoniGzGn45zyvR7NxzUgRxe1q_t5ItZbXIzjj8LIu2Uu_2kgwOFyCn2JEiV4J-5s4Ctu4MmxGXNNC1P7dzExKXMMmdABfCEo1mFEDv_ZpqVVuxg_byGNiMg&amp;__tn__=*NK-R\">#salondulivre2021<\/a><\/div>\n<div dir=\"auto\"><a class=\"oajrlxb2 g5ia77u1 qu0x051f esr5mh6w e9989ue4 r7d6kgcz rq0escxv nhd2j8a9 nc684nl6 p7hjln8o kvgmc6g5 cxmmr5t8 oygrvhab hcukyx3x jb3vyjys rz4wbd8a qt6c0cv9 a8nywdso i1ao9s8h esuyzwwr f1sip0of lzcic4wl gpro0wi8 q66pz984 b1v8xokw\" tabindex=\"0\" role=\"link\" href=\"https:\/\/www.facebook.com\/hashtag\/salonlivremtl?__eep__=6&amp;__cft__[0]=AZVw_lpTQ82e5NvL4kvvOMvOF5t7ys-Z6t_FV547r3mnuhUFtHvzaljGoniGzGn45zyvR7NxzUgRxe1q_t5ItZbXIzjj8LIu2Uu_2kgwOFyCn2JEiV4J-5s4Ctu4MmxGXNNC1P7dzExKXMMmdABfCEo1mFEDv_ZpqVVuxg_byGNiMg&amp;__tn__=*NK-R\">#salonlivremtl<\/a><\/div>\n","protected":false},"excerpt":{"rendered":"<p>\u00a0 \u00a0 \u00c9v\u00e9nement\u00a0 Samedi dernier, nous nous sommes bien amus\u00e9s avec nos amis de l&#8217; Association Cigogne lors de l&#8217;\u00e9v\u00e9nement minibiblioPLUS Salon du livre de Montr\u00e9al dans la ville. Nos invit\u00e9s sp\u00e9ciaux, Celine Cooper, Gillian Aitken et David, ont lu aux enfants des histoires des \u00e9crivaines montr\u00e9alaises Elise Gravel\u00a0et Melanie Watt Scaredy Squirrel. Merci \u00e0 tous d&#8217;avoir particip\u00e9 et d&#8217;avoir partag\u00e9 votre amour de la lecture avec les tout-petits. #partagerlajoiedelalecture #salondulivre2021 #salonlivremtl<\/p>\n","protected":false},"author":1,"featured_media":0,"comment_status":"open","ping_status":"open","sticky":false,"template":"","format":"standard","meta":{"om_disable_all_campaigns":false,"_monsterinsights_skip_tracking":false,"_monsterinsights_sitenote_active":false,"_monsterinsights_sitenote_note":"","_monsterinsights_sitenote_category":0},"categories":[51],"tags":[],"aioseo_notices":[],"_links":{"self":[{"href":"https:\/\/www.minibiblioplus.org\/index.php\/wp-json\/wp\/v2\/posts\/3516"}],"collection":[{"href":"https:\/\/www.minibiblioplus.org\/index.php\/wp-json\/wp\/v2\/posts"}],"about":[{"href":"https:\/\/www.minibiblioplus.org\/index.php\/wp-json\/wp\/v2\/types\/post"}],"author":[{"embeddable":true,"href":"https:\/\/www.minibiblioplus.org\/index.php\/wp-json\/wp\/v2\/users\/1"}],"replies":[{"embeddable":true,"href":"https:\/\/www.minibiblioplus.org\/index.php\/wp-json\/wp\/v2\/comments?post=3516"}],"version-history":[{"count":1,"href":"https:\/\/www.minibiblioplus.org\/index.php\/wp-json\/wp\/v2\/posts\/3516\/revisions"}],"predecessor-version":[{"id":3520,"href":"https:\/\/www.minibiblioplus.org\/index.php\/wp-json\/wp\/v2\/posts\/3516\/revisions\/3520"}],"wp:attachment":[{"href":"https:\/\/www.minibiblioplus.org\/index.php\/wp-json\/wp\/v2\/media?parent=3516"}],"wp:term":[{"taxonomy":"category","embeddable":true,"href":"https:\/\/www.minibiblioplus.org\/index.php\/wp-json\/wp\/v2\/categories?post=3516"},{"taxonomy":"post_tag","embeddable":true,"href":"https:\/\/www.minibiblioplus.org\/index.php\/wp-json\/wp\/v2\/tags?post=3516"}],"curies":[{"name":"wp","href":"https:\/\/api.w.org\/{rel}","templated":true}]}}