{"id":3586,"date":"2022-02-01T14:06:16","date_gmt":"2022-02-01T14:06:16","guid":{"rendered":"https:\/\/minibiblioplus.org\/?p=3586"},"modified":"2022-02-25T18:47:29","modified_gmt":"2022-02-25T18:47:29","slug":"benevole-du-mois-fevrier-2022","status":"publish","type":"post","link":"https:\/\/www.minibiblioplus.org\/index.php\/2022\/02\/01\/benevole-du-mois-fevrier-2022\/","title":{"rendered":"B\u00e9n\u00e9vole du mois &#8211; f\u00e9vrier 2022"},"content":{"rendered":"<h2><img loading=\"lazy\" class=\"alignnone wp-image-3587\" src=\"https:\/\/minibiblioplus.org\/wp-content\/uploads\/2022\/01\/Wanessa-Feb.2022-1-225x300.jpeg\" alt=\"\" width=\"265\" height=\"354\" srcset=\"https:\/\/www.minibiblioplus.org\/wp-content\/uploads\/2022\/01\/Wanessa-Feb.2022-1-225x300.jpeg 225w, https:\/\/www.minibiblioplus.org\/wp-content\/uploads\/2022\/01\/Wanessa-Feb.2022-1.jpeg 600w\" sizes=\"(max-width: 265px) 100vw, 265px\" \/><\/h2>\n<h2><strong><span style=\"color: #3366ff;\">Wanessa Cardoso de Sousa<\/span><\/strong><\/h2>\n<p>Nous sommes heureux d\u2019annoncer notre B\u00e9n\u00e9vole du mois de f\u00e9vrier :<strong> Wanessa Cardoso de Sousa<\/strong>! Voici un message de Wanessa:<\/p>\n<p>\u00ab <span class=\"JsGRdQ\">C&#8217;est un honneur d&#8217;\u00eatre b\u00e9n\u00e9vole chez <img loading=\"lazy\" class=\"\" src=\"https:\/\/minibiblioplus.org\/\/wp-content\/uploads\/2019\/08\/colour-300x39.png\" width=\"130\" height=\"17\" \/><\/span><span class=\"JsGRdQ\">! J&#8217;ai toujours aim\u00e9 \u00e9couter des histoires et partager cette <\/span><span class=\"JsGRdQ\">passion<\/span><span class=\"JsGRdQ\"> avec les autres. Je suis ravie de faire d\u00e9couvrir aux enfants le <\/span><span class=\"JsGRdQ\">plaisir de lire<\/span><span class=\"JsGRdQ\"> et d&#8217;apprendre de nouvelles choses \u00e0 travers l&#8217;heure du conte. Je partage la philosophie de <img loading=\"lazy\" class=\"\" src=\"https:\/\/minibiblioplus.org\/\/wp-content\/uploads\/2019\/08\/colour-300x39.png\" width=\"130\" height=\"17\" \/><\/span><span class=\"JsGRdQ\">\u00a0sur l&#8217;importance de l&#8217;alphab\u00e9tisation pr\u00e9coce, et c&#8217;est un plaisir pour moi de montrer aux enfants qu&#8217;il est possible de <\/span><span class=\"JsGRdQ\">r\u00eaver<\/span><span class=\"JsGRdQ\"> et de <\/span><span class=\"JsGRdQ\">s&#8217;amuser<\/span><span class=\"JsGRdQ\"> tout en apprenant avec les livres. J&#8217;aime aussi beaucoup aider \u00e0 la biblioth\u00e8que. Tous les moments que j&#8217;ai consacr\u00e9s \u00e0 <img loading=\"lazy\" class=\"\" src=\"https:\/\/minibiblioplus.org\/\/wp-content\/uploads\/2019\/08\/colour-300x39.png\" width=\"130\" height=\"17\" \/><\/span><span class=\"JsGRdQ\"> m&#8217;assurent que travailler comme biblioth\u00e9caire est quelque chose que je veux faire! <\/span><span class=\"JsGRdQ\">\u00bb<\/span><\/p>\n","protected":false},"excerpt":{"rendered":"<p>Wanessa Cardoso de Sousa Nous sommes heureux d\u2019annoncer notre B\u00e9n\u00e9vole du mois de f\u00e9vrier : Wanessa Cardoso de Sousa! Voici un message de Wanessa: \u00ab C&#8217;est un honneur d&#8217;\u00eatre b\u00e9n\u00e9vole chez ! J&#8217;ai toujours aim\u00e9 \u00e9couter des histoires et partager cette passion avec les autres. Je suis ravie de faire d\u00e9couvrir aux enfants le plaisir de lire et d&#8217;apprendre de nouvelles choses \u00e0 travers l&#8217;heure du conte. Je partage la philosophie de \u00a0sur l&#8217;importance de l&#8217;alphab\u00e9tisation pr\u00e9coce, et c&#8217;est un&hellip;<\/p>\n","protected":false},"author":1,"featured_media":0,"comment_status":"open","ping_status":"open","sticky":false,"template":"","format":"standard","meta":{"om_disable_all_campaigns":false,"_monsterinsights_skip_tracking":false,"_monsterinsights_sitenote_active":false,"_monsterinsights_sitenote_note":"","_monsterinsights_sitenote_category":0},"categories":[44],"tags":[],"aioseo_notices":[],"_links":{"self":[{"href":"https:\/\/www.minibiblioplus.org\/index.php\/wp-json\/wp\/v2\/posts\/3586"}],"collection":[{"href":"https:\/\/www.minibiblioplus.org\/index.php\/wp-json\/wp\/v2\/posts"}],"about":[{"href":"https:\/\/www.minibiblioplus.org\/index.php\/wp-json\/wp\/v2\/types\/post"}],"author":[{"embeddable":true,"href":"https:\/\/www.minibiblioplus.org\/index.php\/wp-json\/wp\/v2\/users\/1"}],"replies":[{"embeddable":true,"href":"https:\/\/www.minibiblioplus.org\/index.php\/wp-json\/wp\/v2\/comments?post=3586"}],"version-history":[{"count":3,"href":"https:\/\/www.minibiblioplus.org\/index.php\/wp-json\/wp\/v2\/posts\/3586\/revisions"}],"predecessor-version":[{"id":3756,"href":"https:\/\/www.minibiblioplus.org\/index.php\/wp-json\/wp\/v2\/posts\/3586\/revisions\/3756"}],"wp:attachment":[{"href":"https:\/\/www.minibiblioplus.org\/index.php\/wp-json\/wp\/v2\/media?parent=3586"}],"wp:term":[{"taxonomy":"category","embeddable":true,"href":"https:\/\/www.minibiblioplus.org\/index.php\/wp-json\/wp\/v2\/categories?post=3586"},{"taxonomy":"post_tag","embeddable":true,"href":"https:\/\/www.minibiblioplus.org\/index.php\/wp-json\/wp\/v2\/tags?post=3586"}],"curies":[{"name":"wp","href":"https:\/\/api.w.org\/{rel}","templated":true}]}}