{"id":3593,"date":"2022-01-25T15:52:52","date_gmt":"2022-01-25T15:52:52","guid":{"rendered":"https:\/\/minibiblioplus.org\/?p=3593"},"modified":"2022-02-02T15:53:04","modified_gmt":"2022-02-02T15:53:04","slug":"atelier-virtuel-pour-parents","status":"publish","type":"post","link":"https:\/\/www.minibiblioplus.org\/index.php\/2022\/01\/25\/atelier-virtuel-pour-parents\/","title":{"rendered":"Atelier virtuel pour parents"},"content":{"rendered":"<h4 class=\"entry-title\"><span style=\"color: #3366ff;\">Un atelier pour encourager l\u2019alphab\u00e9tisation pr\u00e9coce des enfants<\/span><\/h4>\n<p>Vous voulez en savoir plus sur la lecture pr\u00e9coce, peut-\u00eatre participer \u00e0 un atelier d&#8217;alphab\u00e9tisation pr\u00e9coce pour parents? Eh bien, lisez tout cela dans les nouvelles d&#8217;aujourd&#8217;hui !<\/p>\n<p>Merci <span class=\"nc684nl6\">Bienvenue \u00e0 NDG<\/span> pour l&#8217;accueil de cette collaboration. L&#8217;atelier virtuel se tiendra le jeudi 3 f\u00e9vrier \u00e0 17h &#8211; venez apprendre des astuces pour promouvoir l\u2019alphab\u00e9tisation pr\u00e9coce de son enfant, \u00e0 la maison, d\u00e8s le plus jeune \u00e2ge et m\u00eame avant son entr\u00e9e \u00e0 l\u2019\u00e9cole. Inscription obligatoire.<\/p>\n<blockquote class=\"wp-embedded-content\" data-secret=\"7c167bJXqt\"><p><a href=\"https:\/\/journalmetro.com\/local\/cote-des-neiges-ndg\/2764520\/atelier-encourager-alphabetisation-precoce-enfants\/\">Un atelier pour encourager l\u2019alphab\u00e9tisation pr\u00e9coce des enfants<\/a><\/p><\/blockquote>\n<p><iframe class=\"wp-embedded-content\" sandbox=\"allow-scripts\" security=\"restricted\" style=\"position: absolute; clip: rect(1px, 1px, 1px, 1px);\" title=\"\u00ab\u00a0Un atelier pour encourager l\u2019alphab\u00e9tisation pr\u00e9coce des enfants\u00a0\u00bb &#8212; Journal M\u00e9tro\" src=\"https:\/\/journalmetro.com\/local\/cote-des-neiges-ndg\/2764520\/atelier-encourager-alphabetisation-precoce-enfants\/embed\/#?secret=mP2GiK65gq#?secret=7c167bJXqt\" data-secret=\"7c167bJXqt\" width=\"600\" height=\"338\" frameborder=\"0\" marginwidth=\"0\" marginheight=\"0\" scrolling=\"no\"><\/iframe><\/p>\n","protected":false},"excerpt":{"rendered":"<p>Un atelier pour encourager l\u2019alphab\u00e9tisation pr\u00e9coce des enfants Vous voulez en savoir plus sur la lecture pr\u00e9coce, peut-\u00eatre participer \u00e0 un atelier d&#8217;alphab\u00e9tisation pr\u00e9coce pour parents? Eh bien, lisez tout cela dans les nouvelles d&#8217;aujourd&#8217;hui ! Merci Bienvenue \u00e0 NDG pour l&#8217;accueil de cette collaboration. L&#8217;atelier virtuel se tiendra le jeudi 3 f\u00e9vrier \u00e0 17h &#8211; venez apprendre des astuces pour promouvoir l\u2019alphab\u00e9tisation pr\u00e9coce de son enfant, \u00e0 la maison, d\u00e8s le plus jeune \u00e2ge et m\u00eame avant son entr\u00e9e&hellip;<\/p>\n","protected":false},"author":1,"featured_media":0,"comment_status":"open","ping_status":"open","sticky":false,"template":"","format":"standard","meta":{"om_disable_all_campaigns":false,"_monsterinsights_skip_tracking":false,"_monsterinsights_sitenote_active":false,"_monsterinsights_sitenote_note":"","_monsterinsights_sitenote_category":0},"categories":[51],"tags":[],"aioseo_notices":[],"_links":{"self":[{"href":"https:\/\/www.minibiblioplus.org\/index.php\/wp-json\/wp\/v2\/posts\/3593"}],"collection":[{"href":"https:\/\/www.minibiblioplus.org\/index.php\/wp-json\/wp\/v2\/posts"}],"about":[{"href":"https:\/\/www.minibiblioplus.org\/index.php\/wp-json\/wp\/v2\/types\/post"}],"author":[{"embeddable":true,"href":"https:\/\/www.minibiblioplus.org\/index.php\/wp-json\/wp\/v2\/users\/1"}],"replies":[{"embeddable":true,"href":"https:\/\/www.minibiblioplus.org\/index.php\/wp-json\/wp\/v2\/comments?post=3593"}],"version-history":[{"count":1,"href":"https:\/\/www.minibiblioplus.org\/index.php\/wp-json\/wp\/v2\/posts\/3593\/revisions"}],"predecessor-version":[{"id":3594,"href":"https:\/\/www.minibiblioplus.org\/index.php\/wp-json\/wp\/v2\/posts\/3593\/revisions\/3594"}],"wp:attachment":[{"href":"https:\/\/www.minibiblioplus.org\/index.php\/wp-json\/wp\/v2\/media?parent=3593"}],"wp:term":[{"taxonomy":"category","embeddable":true,"href":"https:\/\/www.minibiblioplus.org\/index.php\/wp-json\/wp\/v2\/categories?post=3593"},{"taxonomy":"post_tag","embeddable":true,"href":"https:\/\/www.minibiblioplus.org\/index.php\/wp-json\/wp\/v2\/tags?post=3593"}],"curies":[{"name":"wp","href":"https:\/\/api.w.org\/{rel}","templated":true}]}}