{"id":3692,"date":"2022-02-14T15:51:22","date_gmt":"2022-02-14T15:51:22","guid":{"rendered":"https:\/\/minibiblioplus.org\/?p=3692"},"modified":"2022-02-16T16:01:15","modified_gmt":"2022-02-16T16:01:15","slug":"evenement-saint-valentin","status":"publish","type":"post","link":"https:\/\/www.minibiblioplus.org\/index.php\/2022\/02\/14\/evenement-saint-valentin\/","title":{"rendered":"\u00c9v\u00e9nement Saint-Valentin"},"content":{"rendered":"<h4><img loading=\"lazy\" class=\"alignnone wp-image-3693\" src=\"https:\/\/minibiblioplus.org\/wp-content\/uploads\/2022\/02\/274005047_363578445767270_9059558064286782049_n-300x225.png\" alt=\"\" width=\"262\" height=\"197\" srcset=\"https:\/\/www.minibiblioplus.org\/wp-content\/uploads\/2022\/02\/274005047_363578445767270_9059558064286782049_n-300x225.png 300w, https:\/\/www.minibiblioplus.org\/wp-content\/uploads\/2022\/02\/274005047_363578445767270_9059558064286782049_n.png 640w\" sizes=\"(max-width: 262px) 100vw, 262px\" \/> <img loading=\"lazy\" class=\"alignnone wp-image-3694\" src=\"https:\/\/minibiblioplus.org\/wp-content\/uploads\/2022\/02\/274013434_363578459100602_8551989526804722855_n-300x284.png\" alt=\"\" width=\"209\" height=\"198\" srcset=\"https:\/\/www.minibiblioplus.org\/wp-content\/uploads\/2022\/02\/274013434_363578459100602_8551989526804722855_n-300x284.png 300w, https:\/\/www.minibiblioplus.org\/wp-content\/uploads\/2022\/02\/274013434_363578459100602_8551989526804722855_n.png 640w\" sizes=\"(max-width: 209px) 100vw, 209px\" \/><\/h4>\n<h4><span style=\"color: #0000ff;\">L&#8217;heure du conte chez Garderie Le Baluchon<\/span><\/h4>\n<p><span class=\"pq6dq46d tbxw36s4 knj5qynh kvgmc6g5 ditlmg2l oygrvhab nvdbi5me sf5mxxl7 gl3lb2sf hhz5lgdu\"><img loading=\"lazy\" src=\"https:\/\/static.xx.fbcdn.net\/images\/emoji.php\/v9\/t5b\/1.5\/16\/1f60d.png\" alt=\"?\" width=\"16\" height=\"16\" \/> <\/span>Quelle belle journ\u00e9e pass\u00e9e \u00e0 lire avec les petits chez la Garderie Le Baluchon. Voici David et Stephanie qui on anim\u00e9 l&#8217;heure du conte plein d&#8217;amour ! Merci de nous acceuillir pour\u00a0c\u00e9l\u00e9brer la Saint-Valentin et la Journ\u00e9e internationale du don de livres. Merci \u00e0 Genny et son l&#8217;\u00e9quipe formidable de nous aider \u00e0 partager l&#8217;amour de la lecture aujourd&#8217;hui et tous les jours ! Joyeuse Saint-Valentine et bonne lecture \u00e0 tous !<\/p>\n","protected":false},"excerpt":{"rendered":"<p>L&#8217;heure du conte chez Garderie Le Baluchon Quelle belle journ\u00e9e pass\u00e9e \u00e0 lire avec les petits chez la Garderie Le Baluchon. Voici David et Stephanie qui on anim\u00e9 l&#8217;heure du conte plein d&#8217;amour ! Merci de nous acceuillir pour\u00a0c\u00e9l\u00e9brer la Saint-Valentin et la Journ\u00e9e internationale du don de livres. Merci \u00e0 Genny et son l&#8217;\u00e9quipe formidable de nous aider \u00e0 partager l&#8217;amour de la lecture aujourd&#8217;hui et tous les jours ! Joyeuse Saint-Valentine et bonne lecture \u00e0 tous !<\/p>\n","protected":false},"author":1,"featured_media":0,"comment_status":"open","ping_status":"open","sticky":false,"template":"","format":"standard","meta":{"om_disable_all_campaigns":false,"_monsterinsights_skip_tracking":false,"_monsterinsights_sitenote_active":false,"_monsterinsights_sitenote_note":"","_monsterinsights_sitenote_category":0},"categories":[51],"tags":[],"aioseo_notices":[],"_links":{"self":[{"href":"https:\/\/www.minibiblioplus.org\/index.php\/wp-json\/wp\/v2\/posts\/3692"}],"collection":[{"href":"https:\/\/www.minibiblioplus.org\/index.php\/wp-json\/wp\/v2\/posts"}],"about":[{"href":"https:\/\/www.minibiblioplus.org\/index.php\/wp-json\/wp\/v2\/types\/post"}],"author":[{"embeddable":true,"href":"https:\/\/www.minibiblioplus.org\/index.php\/wp-json\/wp\/v2\/users\/1"}],"replies":[{"embeddable":true,"href":"https:\/\/www.minibiblioplus.org\/index.php\/wp-json\/wp\/v2\/comments?post=3692"}],"version-history":[{"count":4,"href":"https:\/\/www.minibiblioplus.org\/index.php\/wp-json\/wp\/v2\/posts\/3692\/revisions"}],"predecessor-version":[{"id":3699,"href":"https:\/\/www.minibiblioplus.org\/index.php\/wp-json\/wp\/v2\/posts\/3692\/revisions\/3699"}],"wp:attachment":[{"href":"https:\/\/www.minibiblioplus.org\/index.php\/wp-json\/wp\/v2\/media?parent=3692"}],"wp:term":[{"taxonomy":"category","embeddable":true,"href":"https:\/\/www.minibiblioplus.org\/index.php\/wp-json\/wp\/v2\/categories?post=3692"},{"taxonomy":"post_tag","embeddable":true,"href":"https:\/\/www.minibiblioplus.org\/index.php\/wp-json\/wp\/v2\/tags?post=3692"}],"curies":[{"name":"wp","href":"https:\/\/api.w.org\/{rel}","templated":true}]}}