{"id":3709,"date":"2022-02-18T21:44:30","date_gmt":"2022-02-18T21:44:30","guid":{"rendered":"https:\/\/minibiblioplus.org\/?p=3709"},"modified":"2022-02-18T21:55:01","modified_gmt":"2022-02-18T21:55:01","slug":"livre-du-mois-fevrier","status":"publish","type":"post","link":"https:\/\/www.minibiblioplus.org\/index.php\/2022\/02\/18\/livre-du-mois-fevrier\/","title":{"rendered":"Livre du mois- f\u00e9vrier"},"content":{"rendered":"<p><a href=\"https:\/\/minibiblioplus.org\/wp-content\/uploads\/2022\/02\/livre-du-mois_FEV-activite_FR.pdf\"><img loading=\"lazy\" class=\"alignnone size-medium wp-image-3710\" src=\"https:\/\/minibiblioplus.org\/wp-content\/uploads\/2022\/02\/Book-of-the-month-FEV-2022-1-300x251.png\" alt=\"\" width=\"300\" height=\"251\" srcset=\"https:\/\/www.minibiblioplus.org\/wp-content\/uploads\/2022\/02\/Book-of-the-month-FEV-2022-1-300x251.png 300w, https:\/\/www.minibiblioplus.org\/wp-content\/uploads\/2022\/02\/Book-of-the-month-FEV-2022-1-768x644.png 768w, https:\/\/www.minibiblioplus.org\/wp-content\/uploads\/2022\/02\/Book-of-the-month-FEV-2022-1.png 940w\" sizes=\"(max-width: 300px) 100vw, 300px\" \/><\/a><\/p>\n<h4><span style=\"color: #0000ff;\">Violette par Tania Duprey Stehlik<\/span><\/h4>\n<p>La m\u00e8re de Violette est rouge, et son p\u00e8re est bleu. Pourquoi n&#8217;est-elle pas rouge ou bleue ? Pourquoi est-elle violette ? Confuse, Violette va voir sa m\u00e8re. En utilisant de la peinture, sa m\u00e8re lui montre que lorsqu&#8217;on combine le rouge et le bleu, on obtient du violet !\u00a0Une histoire merveilleusement originale sur l&#8217;acceptation et la beaut\u00e9 de la diff\u00e9rence. Cliquez sur la photo pour d\u00e9couvrir des activit\u00e9s pour complimenter votre lecture !<\/p>\n","protected":false},"excerpt":{"rendered":"<p>Violette par Tania Duprey Stehlik La m\u00e8re de Violette est rouge, et son p\u00e8re est bleu. Pourquoi n&#8217;est-elle pas rouge ou bleue ? Pourquoi est-elle violette ? Confuse, Violette va voir sa m\u00e8re. En utilisant de la peinture, sa m\u00e8re lui montre que lorsqu&#8217;on combine le rouge et le bleu, on obtient du violet !\u00a0Une histoire merveilleusement originale sur l&#8217;acceptation et la beaut\u00e9 de la diff\u00e9rence. Cliquez sur la photo pour d\u00e9couvrir des activit\u00e9s pour complimenter votre lecture !<\/p>\n","protected":false},"author":1,"featured_media":0,"comment_status":"open","ping_status":"open","sticky":false,"template":"","format":"standard","meta":{"om_disable_all_campaigns":false,"_monsterinsights_skip_tracking":false,"_monsterinsights_sitenote_active":false,"_monsterinsights_sitenote_note":"","_monsterinsights_sitenote_category":0},"categories":[89],"tags":[],"aioseo_notices":[],"_links":{"self":[{"href":"https:\/\/www.minibiblioplus.org\/index.php\/wp-json\/wp\/v2\/posts\/3709"}],"collection":[{"href":"https:\/\/www.minibiblioplus.org\/index.php\/wp-json\/wp\/v2\/posts"}],"about":[{"href":"https:\/\/www.minibiblioplus.org\/index.php\/wp-json\/wp\/v2\/types\/post"}],"author":[{"embeddable":true,"href":"https:\/\/www.minibiblioplus.org\/index.php\/wp-json\/wp\/v2\/users\/1"}],"replies":[{"embeddable":true,"href":"https:\/\/www.minibiblioplus.org\/index.php\/wp-json\/wp\/v2\/comments?post=3709"}],"version-history":[{"count":3,"href":"https:\/\/www.minibiblioplus.org\/index.php\/wp-json\/wp\/v2\/posts\/3709\/revisions"}],"predecessor-version":[{"id":3714,"href":"https:\/\/www.minibiblioplus.org\/index.php\/wp-json\/wp\/v2\/posts\/3709\/revisions\/3714"}],"wp:attachment":[{"href":"https:\/\/www.minibiblioplus.org\/index.php\/wp-json\/wp\/v2\/media?parent=3709"}],"wp:term":[{"taxonomy":"category","embeddable":true,"href":"https:\/\/www.minibiblioplus.org\/index.php\/wp-json\/wp\/v2\/categories?post=3709"},{"taxonomy":"post_tag","embeddable":true,"href":"https:\/\/www.minibiblioplus.org\/index.php\/wp-json\/wp\/v2\/tags?post=3709"}],"curies":[{"name":"wp","href":"https:\/\/api.w.org\/{rel}","templated":true}]}}