{"id":3743,"date":"2022-02-24T19:51:33","date_gmt":"2022-02-24T19:51:33","guid":{"rendered":"https:\/\/minibiblioplus.org\/?p=3743"},"modified":"2022-02-24T19:54:24","modified_gmt":"2022-02-24T19:54:24","slug":"directeur-general-interimaire","status":"publish","type":"post","link":"https:\/\/www.minibiblioplus.org\/index.php\/2022\/02\/24\/directeur-general-interimaire\/","title":{"rendered":"DIRECTEUR G\u00c9N\u00c9RAL INT\u00c9RIMAIRE"},"content":{"rendered":"<p><a href=\"https:\/\/minibiblioplus.org\/wp-content\/uploads\/2022\/02\/fhi_NEW-INTERIM-DIRECTOR-FR-2.pdf\"><img loading=\"lazy\" class=\"alignnone size-medium wp-image-3744\" src=\"https:\/\/minibiblioplus.org\/wp-content\/uploads\/2022\/02\/DAVID-1-300x300.jpg\" alt=\"\" width=\"300\" height=\"300\" srcset=\"https:\/\/www.minibiblioplus.org\/wp-content\/uploads\/2022\/02\/DAVID-1-300x300.jpg 300w, https:\/\/www.minibiblioplus.org\/wp-content\/uploads\/2022\/02\/DAVID-1-150x150.jpg 150w, https:\/\/www.minibiblioplus.org\/wp-content\/uploads\/2022\/02\/DAVID-1.jpg 480w\" sizes=\"(max-width: 300px) 100vw, 300px\" \/><\/a><\/p>\n<h4><span style=\"color: #0000ff;\">ACCEUILLONS DAVID ANDRELLI !<\/span><\/h4>\n<p>Nous avons le plaisir d&#8217;accueillir <a tabindex=\"-1\" title=\"https:\/\/www.linkedin.com\/in\/acoaaawre6sbqohzdmniynmrhmrw6byarwhyxei\" href=\"https:\/\/www.linkedin.com\/in\/ACoAAAwRe6sBQohzdMNiyNMrhMRw6ByaRWHyXeI\" target=\"_blank\" rel=\"noopener noreferrer\" aria-label=\"Link David Andrelli\">David Andrelli<\/a> en tant que directeur ex\u00e9cutif int\u00e9rimaire de l&#8217;Institut Fraser-Hickson (minibiblioPLUS). David occupera ce poste du 28 f\u00e9vrier 2022 \u00e0 mars 2023, pendant le cong\u00e9 de maternit\u00e9 de la directrice g\u00e9n\u00e9rale <a tabindex=\"-1\" title=\"https:\/\/www.linkedin.com\/in\/acoaaciymqebuntgd5tet-nsijw_oof6pvjc6fa\" href=\"https:\/\/www.linkedin.com\/in\/ACoAACIYmQEBuntGD5tet-NSiJw_Oof6pvjc6fA\" target=\"_blank\" rel=\"noopener noreferrer\" aria-label=\"Link Asha Dixit\">Asha Dixit<\/a>.<\/p>\n<p>David apporte plus de dix ans d&#8217;exp\u00e9rience en gestion, en technologie de l&#8217;information et en ressources humaines chez Apple, ainsi qu&#8217;une exp\u00e9rience d&#8217;enseignement et d&#8217;encadrement au niveau secondaire \u00e0 Montr\u00e9al. Il est titulaire d&#8217;un baccalaur\u00e9at avec sp\u00e9cialisation en anglais et en histoire de l&#8217;Universit\u00e9 Concordia. En tant que b\u00e9n\u00e9vole d\u00e9vou\u00e9 \u00e0 notre projet de minibiblioPLUS depuis 2018, le conseil d&#8217;administration a \u00e9t\u00e9 impressionn\u00e9 par l&#8217;enthousiasme de David pour #l\u2019alphab\u00e9tisation de la petite enfance et le d\u00e9veloppement de la #communaut\u00e9.<\/p>\n<p>Cliquez la photo pour voir plus.<\/p>\n","protected":false},"excerpt":{"rendered":"<p>ACCEUILLONS DAVID ANDRELLI ! Nous avons le plaisir d&#8217;accueillir David Andrelli en tant que directeur ex\u00e9cutif int\u00e9rimaire de l&#8217;Institut Fraser-Hickson (minibiblioPLUS). David occupera ce poste du 28 f\u00e9vrier 2022 \u00e0 mars 2023, pendant le cong\u00e9 de maternit\u00e9 de la directrice g\u00e9n\u00e9rale Asha Dixit. David apporte plus de dix ans d&#8217;exp\u00e9rience en gestion, en technologie de l&#8217;information et en ressources humaines chez Apple, ainsi qu&#8217;une exp\u00e9rience d&#8217;enseignement et d&#8217;encadrement au niveau secondaire \u00e0 Montr\u00e9al. Il est titulaire d&#8217;un baccalaur\u00e9at avec sp\u00e9cialisation&hellip;<\/p>\n","protected":false},"author":1,"featured_media":0,"comment_status":"open","ping_status":"open","sticky":false,"template":"","format":"standard","meta":{"om_disable_all_campaigns":false,"_monsterinsights_skip_tracking":false,"_monsterinsights_sitenote_active":false,"_monsterinsights_sitenote_note":"","_monsterinsights_sitenote_category":0},"categories":[51],"tags":[],"aioseo_notices":[],"_links":{"self":[{"href":"https:\/\/www.minibiblioplus.org\/index.php\/wp-json\/wp\/v2\/posts\/3743"}],"collection":[{"href":"https:\/\/www.minibiblioplus.org\/index.php\/wp-json\/wp\/v2\/posts"}],"about":[{"href":"https:\/\/www.minibiblioplus.org\/index.php\/wp-json\/wp\/v2\/types\/post"}],"author":[{"embeddable":true,"href":"https:\/\/www.minibiblioplus.org\/index.php\/wp-json\/wp\/v2\/users\/1"}],"replies":[{"embeddable":true,"href":"https:\/\/www.minibiblioplus.org\/index.php\/wp-json\/wp\/v2\/comments?post=3743"}],"version-history":[{"count":3,"href":"https:\/\/www.minibiblioplus.org\/index.php\/wp-json\/wp\/v2\/posts\/3743\/revisions"}],"predecessor-version":[{"id":3749,"href":"https:\/\/www.minibiblioplus.org\/index.php\/wp-json\/wp\/v2\/posts\/3743\/revisions\/3749"}],"wp:attachment":[{"href":"https:\/\/www.minibiblioplus.org\/index.php\/wp-json\/wp\/v2\/media?parent=3743"}],"wp:term":[{"taxonomy":"category","embeddable":true,"href":"https:\/\/www.minibiblioplus.org\/index.php\/wp-json\/wp\/v2\/categories?post=3743"},{"taxonomy":"post_tag","embeddable":true,"href":"https:\/\/www.minibiblioplus.org\/index.php\/wp-json\/wp\/v2\/tags?post=3743"}],"curies":[{"name":"wp","href":"https:\/\/api.w.org\/{rel}","templated":true}]}}