{"id":3925,"date":"2022-03-13T19:40:35","date_gmt":"2022-03-13T19:40:35","guid":{"rendered":"https:\/\/minibiblioplus.org\/?p=3925"},"modified":"2022-03-23T19:40:56","modified_gmt":"2022-03-23T19:40:56","slug":"evenement-communautaire","status":"publish","type":"post","link":"https:\/\/www.minibiblioplus.org\/index.php\/2022\/03\/13\/evenement-communautaire\/","title":{"rendered":"\u00c9v\u00e9nement communautaire"},"content":{"rendered":"<p><img loading=\"lazy\" class=\"alignnone size-medium wp-image-3926\" src=\"https:\/\/minibiblioplus.org\/wp-content\/uploads\/2022\/03\/275358864_381914113933703_1358198463579753552_n-300x225.jpg\" alt=\"\" width=\"300\" height=\"225\" srcset=\"https:\/\/www.minibiblioplus.org\/wp-content\/uploads\/2022\/03\/275358864_381914113933703_1358198463579753552_n-300x225.jpg 300w, https:\/\/www.minibiblioplus.org\/wp-content\/uploads\/2022\/03\/275358864_381914113933703_1358198463579753552_n-1024x768.jpg 1024w, https:\/\/www.minibiblioplus.org\/wp-content\/uploads\/2022\/03\/275358864_381914113933703_1358198463579753552_n-768x576.jpg 768w, https:\/\/www.minibiblioplus.org\/wp-content\/uploads\/2022\/03\/275358864_381914113933703_1358198463579753552_n-1536x1152.jpg 1536w, https:\/\/www.minibiblioplus.org\/wp-content\/uploads\/2022\/03\/275358864_381914113933703_1358198463579753552_n.jpg 2048w\" sizes=\"(max-width: 300px) 100vw, 300px\" \/><\/p>\n<h4><span class=\"JsGRdQ\"><img loading=\"lazy\" class=\"\" src=\"https:\/\/minibiblioplus.org\/\/wp-content\/uploads\/2019\/08\/colour-300x39.png\" width=\"130\" height=\"17\" \/> <\/span><span style=\"color: #0000ff;\">\u00e0 <span class=\"JsGRdQ\">la mini- cabane \u00e0 sucre !<\/span><\/span><\/h4>\n<p class=\"_04xlpA direction-ltr align-justify para-style-subtitle\"><span class=\"JsGRdQ\">On s\u2019est bien amus\u00e9 le 13 mars, au parc George Saint-Pierre pour une journ\u00e9e familiale \u00e0 la mini- cabane \u00e0 sucre ! <\/span><span class=\"JsGRdQ\">Merci \u00e0 nos partenaires du centre communautaire St. Raymond et du conseil communautaire de NDG pour ce splendide \u00e9v\u00e9nement !<\/span><\/p>\n","protected":false},"excerpt":{"rendered":"<p>\u00e0 la mini- cabane \u00e0 sucre ! On s\u2019est bien amus\u00e9 le 13 mars, au parc George Saint-Pierre pour une journ\u00e9e familiale \u00e0 la mini- cabane \u00e0 sucre ! Merci \u00e0 nos partenaires du centre communautaire St. Raymond et du conseil communautaire de NDG pour ce splendide \u00e9v\u00e9nement !<\/p>\n","protected":false},"author":1,"featured_media":0,"comment_status":"open","ping_status":"open","sticky":false,"template":"","format":"standard","meta":{"om_disable_all_campaigns":false,"_monsterinsights_skip_tracking":false,"_monsterinsights_sitenote_active":false,"_monsterinsights_sitenote_note":"","_monsterinsights_sitenote_category":0},"categories":[51],"tags":[],"aioseo_notices":[],"_links":{"self":[{"href":"https:\/\/www.minibiblioplus.org\/index.php\/wp-json\/wp\/v2\/posts\/3925"}],"collection":[{"href":"https:\/\/www.minibiblioplus.org\/index.php\/wp-json\/wp\/v2\/posts"}],"about":[{"href":"https:\/\/www.minibiblioplus.org\/index.php\/wp-json\/wp\/v2\/types\/post"}],"author":[{"embeddable":true,"href":"https:\/\/www.minibiblioplus.org\/index.php\/wp-json\/wp\/v2\/users\/1"}],"replies":[{"embeddable":true,"href":"https:\/\/www.minibiblioplus.org\/index.php\/wp-json\/wp\/v2\/comments?post=3925"}],"version-history":[{"count":1,"href":"https:\/\/www.minibiblioplus.org\/index.php\/wp-json\/wp\/v2\/posts\/3925\/revisions"}],"predecessor-version":[{"id":3927,"href":"https:\/\/www.minibiblioplus.org\/index.php\/wp-json\/wp\/v2\/posts\/3925\/revisions\/3927"}],"wp:attachment":[{"href":"https:\/\/www.minibiblioplus.org\/index.php\/wp-json\/wp\/v2\/media?parent=3925"}],"wp:term":[{"taxonomy":"category","embeddable":true,"href":"https:\/\/www.minibiblioplus.org\/index.php\/wp-json\/wp\/v2\/categories?post=3925"},{"taxonomy":"post_tag","embeddable":true,"href":"https:\/\/www.minibiblioplus.org\/index.php\/wp-json\/wp\/v2\/tags?post=3925"}],"curies":[{"name":"wp","href":"https:\/\/api.w.org\/{rel}","templated":true}]}}