{"id":4050,"date":"2022-04-29T18:52:44","date_gmt":"2022-04-29T18:52:44","guid":{"rendered":"https:\/\/minibiblioplus.org\/?p=4050"},"modified":"2022-04-29T18:52:44","modified_gmt":"2022-04-29T18:52:44","slug":"benevole-du-mois-mai-2022","status":"publish","type":"post","link":"https:\/\/www.minibiblioplus.org\/index.php\/2022\/04\/29\/benevole-du-mois-mai-2022\/","title":{"rendered":"B\u00e9n\u00e9vole du mois &#8211; mai 2022"},"content":{"rendered":"<p><img loading=\"lazy\" class=\"alignnone size-medium wp-image-4051\" src=\"https:\/\/minibiblioplus.org\/wp-content\/uploads\/2022\/04\/chloe-mai-2022-300x300.jpg\" alt=\"\" width=\"300\" height=\"300\" srcset=\"https:\/\/www.minibiblioplus.org\/wp-content\/uploads\/2022\/04\/chloe-mai-2022-300x300.jpg 300w, https:\/\/www.minibiblioplus.org\/wp-content\/uploads\/2022\/04\/chloe-mai-2022-150x150.jpg 150w, https:\/\/www.minibiblioplus.org\/wp-content\/uploads\/2022\/04\/chloe-mai-2022-768x768.jpg 768w, https:\/\/www.minibiblioplus.org\/wp-content\/uploads\/2022\/04\/chloe-mai-2022-600x600.jpg 600w, https:\/\/www.minibiblioplus.org\/wp-content\/uploads\/2022\/04\/chloe-mai-2022.jpg 958w\" sizes=\"(max-width: 300px) 100vw, 300px\" \/><\/p>\n<h2><strong><span style=\"color: #3366ff;\">Chlo\u00e9 Dumas<\/span><\/strong><\/h2>\n<p>Nous sommes heureux d\u2019annoncer notre b\u00e9n\u00e9vole du mois de mai <strong>: Chlo\u00e9 Dumas!<\/strong> Voici un message de Chlo\u00e9:<\/p>\n<p>\u00ab Je suis tr\u00e8s heureuse de faire partie des volontaires de <span class=\"JsGRdQ\"><img loading=\"lazy\" class=\"\" src=\"https:\/\/minibiblioplus.org\/\/wp-content\/uploads\/2019\/08\/colour-300x39.png\" width=\"130\" height=\"17\" \/><\/span>. Ce programme me tient particuli\u00e8rement \u00e0 c\u0153ur car lire, enfant, \u00e9tait un moment privil\u00e9gi\u00e9 de partage. Mon \u00e9cole organisait un festival du livre chaque ann\u00e9e o\u00f9 nos parents venaient nous raconter des histoires. J\u2019\u00e9tais toujours fi\u00e8re quand ma m\u00e8re dirigeait l\u2019heure du conte. Elle me laissait m\u00eame choisir le livre ! C\u2019est ce go\u00fbt prolong\u00e9 de la lecture mais aussi cette impression de se sentir sp\u00e9cial \u2014 que l\u2019histoire a \u00e9t\u00e9 choisie pour soi \u2014 que j\u2019ai voulu transmettre aux enfants. Quand je les vois sauter d\u2019excitation \u00e0 mon arriv\u00e9e, poser des questions et essayer de me faire un c\u00e2lin \u00e0 la fin, je me prend \u00e0 esp\u00e9rer que cette mission est r\u00e9ussie. Merci <span class=\"JsGRdQ\"><img loading=\"lazy\" class=\"\" src=\"https:\/\/minibiblioplus.org\/\/wp-content\/uploads\/2019\/08\/colour-300x39.png\" width=\"130\" height=\"17\" \/><\/span> pour cette belle opportunit\u00e9! <span class=\"JsGRdQ\">\u00bb<\/span><\/p>\n","protected":false},"excerpt":{"rendered":"<p>Chlo\u00e9 Dumas Nous sommes heureux d\u2019annoncer notre b\u00e9n\u00e9vole du mois de mai : Chlo\u00e9 Dumas! Voici un message de Chlo\u00e9: \u00ab Je suis tr\u00e8s heureuse de faire partie des volontaires de . Ce programme me tient particuli\u00e8rement \u00e0 c\u0153ur car lire, enfant, \u00e9tait un moment privil\u00e9gi\u00e9 de partage. Mon \u00e9cole organisait un festival du livre chaque ann\u00e9e o\u00f9 nos parents venaient nous raconter des histoires. J\u2019\u00e9tais toujours fi\u00e8re quand ma m\u00e8re dirigeait l\u2019heure du conte. Elle me laissait m\u00eame choisir&hellip;<\/p>\n","protected":false},"author":1,"featured_media":0,"comment_status":"open","ping_status":"open","sticky":false,"template":"","format":"standard","meta":{"om_disable_all_campaigns":false,"_monsterinsights_skip_tracking":false,"_monsterinsights_sitenote_active":false,"_monsterinsights_sitenote_note":"","_monsterinsights_sitenote_category":0},"categories":[44],"tags":[],"aioseo_notices":[],"_links":{"self":[{"href":"https:\/\/www.minibiblioplus.org\/index.php\/wp-json\/wp\/v2\/posts\/4050"}],"collection":[{"href":"https:\/\/www.minibiblioplus.org\/index.php\/wp-json\/wp\/v2\/posts"}],"about":[{"href":"https:\/\/www.minibiblioplus.org\/index.php\/wp-json\/wp\/v2\/types\/post"}],"author":[{"embeddable":true,"href":"https:\/\/www.minibiblioplus.org\/index.php\/wp-json\/wp\/v2\/users\/1"}],"replies":[{"embeddable":true,"href":"https:\/\/www.minibiblioplus.org\/index.php\/wp-json\/wp\/v2\/comments?post=4050"}],"version-history":[{"count":1,"href":"https:\/\/www.minibiblioplus.org\/index.php\/wp-json\/wp\/v2\/posts\/4050\/revisions"}],"predecessor-version":[{"id":4052,"href":"https:\/\/www.minibiblioplus.org\/index.php\/wp-json\/wp\/v2\/posts\/4050\/revisions\/4052"}],"wp:attachment":[{"href":"https:\/\/www.minibiblioplus.org\/index.php\/wp-json\/wp\/v2\/media?parent=4050"}],"wp:term":[{"taxonomy":"category","embeddable":true,"href":"https:\/\/www.minibiblioplus.org\/index.php\/wp-json\/wp\/v2\/categories?post=4050"},{"taxonomy":"post_tag","embeddable":true,"href":"https:\/\/www.minibiblioplus.org\/index.php\/wp-json\/wp\/v2\/tags?post=4050"}],"curies":[{"name":"wp","href":"https:\/\/api.w.org\/{rel}","templated":true}]}}