{"id":4273,"date":"2022-08-01T09:20:26","date_gmt":"2022-08-01T09:20:26","guid":{"rendered":"https:\/\/minibiblioplus.org\/?p=4273"},"modified":"2022-07-22T19:21:41","modified_gmt":"2022-07-22T19:21:41","slug":"benevole-du-mois-aout-2022","status":"publish","type":"post","link":"https:\/\/www.minibiblioplus.org\/index.php\/2022\/08\/01\/benevole-du-mois-aout-2022\/","title":{"rendered":"B\u00e9n\u00e9vole du mois &#8211; Ao\u00fbt 2022"},"content":{"rendered":"<p><img loading=\"lazy\" class=\"alignnone size-medium wp-image-4274\" src=\"https:\/\/minibiblioplus.org\/wp-content\/uploads\/2022\/07\/MicrosoftTeams-image-23-226x300.png\" alt=\"\" width=\"226\" height=\"300\" srcset=\"https:\/\/www.minibiblioplus.org\/wp-content\/uploads\/2022\/07\/MicrosoftTeams-image-23-226x300.png 226w, https:\/\/www.minibiblioplus.org\/wp-content\/uploads\/2022\/07\/MicrosoftTeams-image-23.png 285w\" sizes=\"(max-width: 226px) 100vw, 226px\" \/><\/p>\n<h2><strong><span style=\"color: #3366ff;\">Joan Buttersworth<\/span><\/strong><\/h2>\n<p dir=\"auto\">Nous sommes heureux d\u2019annoncer notre b\u00e9n\u00e9vole du mois d&#8217;ao\u00fbt: <strong>Joan Buttersworth!<\/strong><\/p>\n<p dir=\"auto\">Voici un petit message de sa part:<\/p>\n<p dir=\"auto\">\u00abTrouver le temps pour du b\u00e9n\u00e9volat est tr\u00e8s gratifiant. Je me sens tellement \u00e9nergis\u00e9e et heureuse au moment d\u2019\u00e9crire ces lignes parce que j\u2019ai trouv\u00e9 une fa\u00e7on de poser un geste significatif en rendant la lecture amusante! La philosophie de <img loading=\"lazy\" class=\"alignnone wp-image-3574\" src=\"https:\/\/minibiblioplus.org\/wp-content\/uploads\/2022\/01\/Logo_minibiblioPLUS_color_2022-removebg-preview-300x39.png\" sizes=\"(max-width: 123px) 100vw, 123px\" srcset=\"https:\/\/minibiblioplus.org\/wp-content\/uploads\/2022\/01\/Logo_minibiblioPLUS_color_2022-removebg-preview-300x39.png 300w, https:\/\/minibiblioplus.org\/wp-content\/uploads\/2022\/01\/Logo_minibiblioPLUS_color_2022-removebg-preview-1024x132.png 1024w, https:\/\/minibiblioplus.org\/wp-content\/uploads\/2022\/01\/Logo_minibiblioPLUS_color_2022-removebg-preview-768x99.png 768w, https:\/\/minibiblioplus.org\/wp-content\/uploads\/2022\/01\/Logo_minibiblioPLUS_color_2022-removebg-preview.png 1391w\" alt=\"\" width=\"123\" height=\"16\" \/> et leur approche pour supporter la litt\u00e9ratie pr\u00e9coce sont tr\u00e8s concr\u00e8tes avec chaque visite; j\u2019adore \u00eatre accueillie par les enfants et voir leur attention et leur imagination. Chaque visite est une occasion d\u2019\u00e9veiller la curiosit\u00e9 et de donner vie aux livres. Cr\u00e9er un lien avec les jeunes demande du temps et c\u2019est un r\u00e9el plaisir d\u2019entendre la voix des enfants s\u2019exclamer \u00abl\u2019heure du conte!\u00bb quand j\u2019arrive. Merci <img loading=\"lazy\" class=\"alignnone wp-image-3574\" src=\"https:\/\/minibiblioplus.org\/wp-content\/uploads\/2022\/01\/Logo_minibiblioPLUS_color_2022-removebg-preview-300x39.png\" alt=\"\" width=\"123\" height=\"16\" srcset=\"https:\/\/www.minibiblioplus.org\/wp-content\/uploads\/2022\/01\/Logo_minibiblioPLUS_color_2022-removebg-preview-300x39.png 300w, https:\/\/www.minibiblioplus.org\/wp-content\/uploads\/2022\/01\/Logo_minibiblioPLUS_color_2022-removebg-preview-1024x132.png 1024w, https:\/\/www.minibiblioplus.org\/wp-content\/uploads\/2022\/01\/Logo_minibiblioPLUS_color_2022-removebg-preview-768x99.png 768w, https:\/\/www.minibiblioplus.org\/wp-content\/uploads\/2022\/01\/Logo_minibiblioPLUS_color_2022-removebg-preview.png 1391w\" sizes=\"(max-width: 123px) 100vw, 123px\" \/> pour votre support, et ma sinc\u00e8re admiration et appr\u00e9ciation \u00e0 tous les \u00e9ducateurs(trices) de garderie pour prendre si bien soin de nos tout-petits.\u00bb<\/p>\n","protected":false},"excerpt":{"rendered":"<p>Joan Buttersworth Nous sommes heureux d\u2019annoncer notre b\u00e9n\u00e9vole du mois d&#8217;ao\u00fbt: Joan Buttersworth! Voici un petit message de sa part: \u00abTrouver le temps pour du b\u00e9n\u00e9volat est tr\u00e8s gratifiant. Je me sens tellement \u00e9nergis\u00e9e et heureuse au moment d\u2019\u00e9crire ces lignes parce que j\u2019ai trouv\u00e9 une fa\u00e7on de poser un geste significatif en rendant la lecture amusante! La philosophie de et leur approche pour supporter la litt\u00e9ratie pr\u00e9coce sont tr\u00e8s concr\u00e8tes avec chaque visite; j\u2019adore \u00eatre accueillie par les enfants&hellip;<\/p>\n","protected":false},"author":1,"featured_media":0,"comment_status":"open","ping_status":"open","sticky":false,"template":"","format":"standard","meta":{"om_disable_all_campaigns":false,"_monsterinsights_skip_tracking":false,"_monsterinsights_sitenote_active":false,"_monsterinsights_sitenote_note":"","_monsterinsights_sitenote_category":0},"categories":[44],"tags":[],"aioseo_notices":[],"_links":{"self":[{"href":"https:\/\/www.minibiblioplus.org\/index.php\/wp-json\/wp\/v2\/posts\/4273"}],"collection":[{"href":"https:\/\/www.minibiblioplus.org\/index.php\/wp-json\/wp\/v2\/posts"}],"about":[{"href":"https:\/\/www.minibiblioplus.org\/index.php\/wp-json\/wp\/v2\/types\/post"}],"author":[{"embeddable":true,"href":"https:\/\/www.minibiblioplus.org\/index.php\/wp-json\/wp\/v2\/users\/1"}],"replies":[{"embeddable":true,"href":"https:\/\/www.minibiblioplus.org\/index.php\/wp-json\/wp\/v2\/comments?post=4273"}],"version-history":[{"count":2,"href":"https:\/\/www.minibiblioplus.org\/index.php\/wp-json\/wp\/v2\/posts\/4273\/revisions"}],"predecessor-version":[{"id":4276,"href":"https:\/\/www.minibiblioplus.org\/index.php\/wp-json\/wp\/v2\/posts\/4273\/revisions\/4276"}],"wp:attachment":[{"href":"https:\/\/www.minibiblioplus.org\/index.php\/wp-json\/wp\/v2\/media?parent=4273"}],"wp:term":[{"taxonomy":"category","embeddable":true,"href":"https:\/\/www.minibiblioplus.org\/index.php\/wp-json\/wp\/v2\/categories?post=4273"},{"taxonomy":"post_tag","embeddable":true,"href":"https:\/\/www.minibiblioplus.org\/index.php\/wp-json\/wp\/v2\/tags?post=4273"}],"curies":[{"name":"wp","href":"https:\/\/api.w.org\/{rel}","templated":true}]}}