{"id":4356,"date":"2022-09-01T15:12:28","date_gmt":"2022-09-01T15:12:28","guid":{"rendered":"https:\/\/minibiblioplus.org\/?p=4356"},"modified":"2022-09-29T15:14:28","modified_gmt":"2022-09-29T15:14:28","slug":"benevole-du-mois-septembre-2022","status":"publish","type":"post","link":"https:\/\/www.minibiblioplus.org\/index.php\/2022\/09\/01\/benevole-du-mois-septembre-2022\/","title":{"rendered":"B\u00e9n\u00e9vole du mois &#8211; septembre 2022"},"content":{"rendered":"<p><img loading=\"lazy\" class=\"alignnone size-medium wp-image-4357\" src=\"https:\/\/minibiblioplus.org\/wp-content\/uploads\/2022\/09\/IMG_20220823_133536-1-225x300.jpg\" alt=\"\" width=\"225\" height=\"300\" srcset=\"https:\/\/www.minibiblioplus.org\/wp-content\/uploads\/2022\/09\/IMG_20220823_133536-1-225x300.jpg 225w, https:\/\/www.minibiblioplus.org\/wp-content\/uploads\/2022\/09\/IMG_20220823_133536-1-768x1024.jpg 768w, https:\/\/www.minibiblioplus.org\/wp-content\/uploads\/2022\/09\/IMG_20220823_133536-1.jpg 960w\" sizes=\"(max-width: 225px) 100vw, 225px\" \/><\/p>\n<h2><span style=\"color: #3366ff;\"><strong>Stephanie Mansell<\/strong><\/span><\/h2>\n<p dir=\"auto\">Nous sommes heureux d\u2019annoncer notre b\u00e9n\u00e9vole du mois de septembre: <strong>Stephanie Mansell!<\/strong><\/p>\n<p dir=\"auto\">Voici un petit message de sa part:<\/p>\n<p dir=\"auto\">\u00ab<span class=\"JsGRdQ\">Je me consid\u00e8re <\/span><span class=\"JsGRdQ\">chanceuse <\/span><span class=\"JsGRdQ\">car lorsque j\u2019\u00e9tais enfant, ma m\u00e8re m\u2019emmenait \u00e0 la biblioth\u00e8que chaque semaine. J\u2019aimais le calme de ce lieu, \u00eatre entour\u00e9e de livres, et pouvoir en rapporter une pile \u00e0 lire chez moi. La biblioth\u00e8que m\u2019a permis d\u2019acc\u00e9der \u00e0 une tonne <\/span><span class=\"JsGRdQ\">d\u2019histoires<\/span><span class=\"JsGRdQ\">. Je suis consciente que chaque enfance n\u2019offre pas la m\u00eame <\/span><span class=\"JsGRdQ\">opportunit\u00e9 <\/span><span class=\"JsGRdQ\">et que beaucoup n\u2019ont pas la chance d\u2019aller \u00e0 la biblioth\u00e8que. C\u2019est pourquoi j\u2019aime que <strong>minibilioPLUS<\/strong> am\u00e8ne plut\u00f4t la biblioth\u00e8que aux enfants. J\u2019aime faire du b\u00e9n\u00e9volat dans la biblioth\u00e8que de <strong>minibiblioPLUS<\/strong> \u2013 toutes ces ann\u00e9es et j\u2019aime toujours autant la lecture et les livres. Chaque enfant devrait avoir acc\u00e8s aux livres. J\u2019aime savoir que mon b\u00e9n\u00e9volat contribue \u00e0 <\/span><span class=\"JsGRdQ\">l\u2019alphab\u00e9tisation <\/span><span class=\"JsGRdQ\">chez les enfants de ma <\/span><span class=\"JsGRdQ\">communaut\u00e9<\/span><span class=\"JsGRdQ\">.<\/span> \u00bb<\/p>\n","protected":false},"excerpt":{"rendered":"<p>Stephanie Mansell Nous sommes heureux d\u2019annoncer notre b\u00e9n\u00e9vole du mois de septembre: Stephanie Mansell! Voici un petit message de sa part: \u00abJe me consid\u00e8re chanceuse car lorsque j\u2019\u00e9tais enfant, ma m\u00e8re m\u2019emmenait \u00e0 la biblioth\u00e8que chaque semaine. J\u2019aimais le calme de ce lieu, \u00eatre entour\u00e9e de livres, et pouvoir en rapporter une pile \u00e0 lire chez moi. La biblioth\u00e8que m\u2019a permis d\u2019acc\u00e9der \u00e0 une tonne d\u2019histoires. Je suis consciente que chaque enfance n\u2019offre pas la m\u00eame opportunit\u00e9 et que beaucoup&hellip;<\/p>\n","protected":false},"author":1,"featured_media":0,"comment_status":"open","ping_status":"open","sticky":false,"template":"","format":"standard","meta":{"om_disable_all_campaigns":false,"_monsterinsights_skip_tracking":false,"_monsterinsights_sitenote_active":false,"_monsterinsights_sitenote_note":"","_monsterinsights_sitenote_category":0},"categories":[44],"tags":[],"aioseo_notices":[],"_links":{"self":[{"href":"https:\/\/www.minibiblioplus.org\/index.php\/wp-json\/wp\/v2\/posts\/4356"}],"collection":[{"href":"https:\/\/www.minibiblioplus.org\/index.php\/wp-json\/wp\/v2\/posts"}],"about":[{"href":"https:\/\/www.minibiblioplus.org\/index.php\/wp-json\/wp\/v2\/types\/post"}],"author":[{"embeddable":true,"href":"https:\/\/www.minibiblioplus.org\/index.php\/wp-json\/wp\/v2\/users\/1"}],"replies":[{"embeddable":true,"href":"https:\/\/www.minibiblioplus.org\/index.php\/wp-json\/wp\/v2\/comments?post=4356"}],"version-history":[{"count":1,"href":"https:\/\/www.minibiblioplus.org\/index.php\/wp-json\/wp\/v2\/posts\/4356\/revisions"}],"predecessor-version":[{"id":4358,"href":"https:\/\/www.minibiblioplus.org\/index.php\/wp-json\/wp\/v2\/posts\/4356\/revisions\/4358"}],"wp:attachment":[{"href":"https:\/\/www.minibiblioplus.org\/index.php\/wp-json\/wp\/v2\/media?parent=4356"}],"wp:term":[{"taxonomy":"category","embeddable":true,"href":"https:\/\/www.minibiblioplus.org\/index.php\/wp-json\/wp\/v2\/categories?post=4356"},{"taxonomy":"post_tag","embeddable":true,"href":"https:\/\/www.minibiblioplus.org\/index.php\/wp-json\/wp\/v2\/tags?post=4356"}],"curies":[{"name":"wp","href":"https:\/\/api.w.org\/{rel}","templated":true}]}}