{"id":4520,"date":"2023-01-06T16:45:22","date_gmt":"2023-01-06T16:45:22","guid":{"rendered":"https:\/\/minibiblioplus.org\/?p=4520"},"modified":"2023-01-06T16:45:22","modified_gmt":"2023-01-06T16:45:22","slug":"benevole-du-mois-janvier-2023","status":"publish","type":"post","link":"https:\/\/www.minibiblioplus.org\/index.php\/2023\/01\/06\/benevole-du-mois-janvier-2023\/","title":{"rendered":"B\u00e9n\u00e9vole du mois &#8211; janvier 2023"},"content":{"rendered":"<p><img loading=\"lazy\" class=\"alignnone size-medium wp-image-4521\" src=\"https:\/\/minibiblioplus.org\/wp-content\/uploads\/2023\/01\/MicrosoftTeams-image-31-1-210x300.jpg\" alt=\"\" width=\"210\" height=\"300\" srcset=\"https:\/\/www.minibiblioplus.org\/wp-content\/uploads\/2023\/01\/MicrosoftTeams-image-31-1-210x300.jpg 210w, https:\/\/www.minibiblioplus.org\/wp-content\/uploads\/2023\/01\/MicrosoftTeams-image-31-1-718x1024.jpg 718w, https:\/\/www.minibiblioplus.org\/wp-content\/uploads\/2023\/01\/MicrosoftTeams-image-31-1-768x1096.jpg 768w, https:\/\/www.minibiblioplus.org\/wp-content\/uploads\/2023\/01\/MicrosoftTeams-image-31-1-1076x1536.jpg 1076w, https:\/\/www.minibiblioplus.org\/wp-content\/uploads\/2023\/01\/MicrosoftTeams-image-31-1.jpg 1080w\" sizes=\"(max-width: 210px) 100vw, 210px\" \/><\/p>\n<h2><span style=\"color: #3366ff;\"><strong>Bee Bergeron<\/strong><\/span><\/h2>\n<p dir=\"auto\">Nous sommes heureux d\u2019annoncer notre b\u00e9n\u00e9vole du mois de janvier: <strong>Beatrice Bergeron! <\/strong>Voici un petit message de sa part:<\/p>\n<p dir=\"auto\">\u00abEnfant, ma m\u00e8re me lisait une histoire \u00e0 chaque soir jusqu&#8217;\u00e0 ce que j&#8217;apprenne \u00e0 lire. C&#8217;\u00e9tait mon moment pr\u00e9f\u00e9r\u00e9 de la journ\u00e9e, en partie parce qu&#8217;elle le pr\u00e9sentait comme une r\u00e9compense. Je suis convaincue que cela a fait de moi une lectrice vorace, \u00e0 qui il a parfois fallu dire d&#8217;arr\u00eater de lire en descendant les escaliers. Je suis reconnaissante que ma m\u00e8re ait fait cet effort pour moi. Surtout depuis que quelqu&#8217;un lui a dit que je n&#8217;apprendrais peut-\u00eatre jamais \u00e0 lire quand j&#8217;avais 4 ans. Uniquement parce que je suis autiste (ce qui n&#8217;a rien \u00e0 voir avec le fait de savoir lire, mais peut-\u00eatre un peu \u00e0 voir avec la raison pour laquelle j&#8217;organise ma biblioth\u00e8que par couleur).<\/p>\n<p>J&#8217;ai d\u00e9cid\u00e9 de devenir b\u00e9n\u00e9vole pour <strong>minibiblioPLUS<\/strong> afin de transmettre ce que ma m\u00e8re m&#8217;a donn\u00e9. Je suis \u00e9galement tr\u00e8s heureuse d&#8217;avoir \u00e9t\u00e9 affect\u00e9e \u00e0 une \u00e9cole pour enfants autistes.<\/p>\n<p dir=\"auto\">Apr\u00e8s avoir lu l&#8217;article de Neil Gaiman (Why our Future Depends on Libraries, Reading and Daydreaming) o\u00f9 il discute des avantages de lire et de se faire lire, cela a vraiment concr\u00e9tis\u00e9 mon d\u00e9sir de faire du b\u00e9n\u00e9volat chez <strong>minibiblioPLUS<\/strong>.\u00bb<\/p>\n","protected":false},"excerpt":{"rendered":"<p>Bee Bergeron Nous sommes heureux d\u2019annoncer notre b\u00e9n\u00e9vole du mois de janvier: Beatrice Bergeron! Voici un petit message de sa part: \u00abEnfant, ma m\u00e8re me lisait une histoire \u00e0 chaque soir jusqu&#8217;\u00e0 ce que j&#8217;apprenne \u00e0 lire. C&#8217;\u00e9tait mon moment pr\u00e9f\u00e9r\u00e9 de la journ\u00e9e, en partie parce qu&#8217;elle le pr\u00e9sentait comme une r\u00e9compense. Je suis convaincue que cela a fait de moi une lectrice vorace, \u00e0 qui il a parfois fallu dire d&#8217;arr\u00eater de lire en descendant les escaliers. Je&hellip;<\/p>\n","protected":false},"author":1,"featured_media":0,"comment_status":"open","ping_status":"open","sticky":false,"template":"","format":"standard","meta":{"om_disable_all_campaigns":false,"_monsterinsights_skip_tracking":false,"_monsterinsights_sitenote_active":false,"_monsterinsights_sitenote_note":"","_monsterinsights_sitenote_category":0},"categories":[44],"tags":[],"aioseo_notices":[],"_links":{"self":[{"href":"https:\/\/www.minibiblioplus.org\/index.php\/wp-json\/wp\/v2\/posts\/4520"}],"collection":[{"href":"https:\/\/www.minibiblioplus.org\/index.php\/wp-json\/wp\/v2\/posts"}],"about":[{"href":"https:\/\/www.minibiblioplus.org\/index.php\/wp-json\/wp\/v2\/types\/post"}],"author":[{"embeddable":true,"href":"https:\/\/www.minibiblioplus.org\/index.php\/wp-json\/wp\/v2\/users\/1"}],"replies":[{"embeddable":true,"href":"https:\/\/www.minibiblioplus.org\/index.php\/wp-json\/wp\/v2\/comments?post=4520"}],"version-history":[{"count":1,"href":"https:\/\/www.minibiblioplus.org\/index.php\/wp-json\/wp\/v2\/posts\/4520\/revisions"}],"predecessor-version":[{"id":4522,"href":"https:\/\/www.minibiblioplus.org\/index.php\/wp-json\/wp\/v2\/posts\/4520\/revisions\/4522"}],"wp:attachment":[{"href":"https:\/\/www.minibiblioplus.org\/index.php\/wp-json\/wp\/v2\/media?parent=4520"}],"wp:term":[{"taxonomy":"category","embeddable":true,"href":"https:\/\/www.minibiblioplus.org\/index.php\/wp-json\/wp\/v2\/categories?post=4520"},{"taxonomy":"post_tag","embeddable":true,"href":"https:\/\/www.minibiblioplus.org\/index.php\/wp-json\/wp\/v2\/tags?post=4520"}],"curies":[{"name":"wp","href":"https:\/\/api.w.org\/{rel}","templated":true}]}}