{"id":4549,"date":"2023-02-17T17:05:42","date_gmt":"2023-02-17T17:05:42","guid":{"rendered":"https:\/\/minibiblioplus.org\/?p=4549"},"modified":"2023-02-17T17:09:33","modified_gmt":"2023-02-17T17:09:33","slug":"4549","status":"publish","type":"post","link":"https:\/\/www.minibiblioplus.org\/index.php\/2023\/02\/17\/4549\/","title":{"rendered":"B\u00e9n\u00e9vole du mois &#8211; f\u00e9vrier 2023"},"content":{"rendered":"<p><img loading=\"lazy\" class=\"alignnone size-medium wp-image-4550\" src=\"https:\/\/minibiblioplus.org\/wp-content\/uploads\/2023\/02\/Screenshot-2023-02-17-120307-300x255.jpg\" alt=\"\" width=\"300\" height=\"255\" srcset=\"https:\/\/www.minibiblioplus.org\/wp-content\/uploads\/2023\/02\/Screenshot-2023-02-17-120307-300x255.jpg 300w, https:\/\/www.minibiblioplus.org\/wp-content\/uploads\/2023\/02\/Screenshot-2023-02-17-120307.jpg 752w\" sizes=\"(max-width: 300px) 100vw, 300px\" \/><\/p>\n<h2><span style=\"color: #3366ff;\"><strong>Anna Savulescu<\/strong><\/span><\/h2>\n<p dir=\"auto\">Nous sommes heureux d\u2019annoncer notre b\u00e9n\u00e9vole du mois de f\u00e9vrier 2023: <strong>Anna Savulescu! <\/strong>Voici un petit message de sa part:<\/p>\n<p dir=\"auto\">\u00abSuivant les suggestions de mon fr\u00e8re qui lui aussi est b\u00e9n\u00e9vole aupr\u00e8s de <strong>minibiblioPLUS<\/strong>, j\u2019ai int\u00e9gr\u00e9 cette \u00e9quipe, en tant qu\u2019animatrice de l\u2019heure du conte Vid\u00e9o, il y a quatre mois. M\u00eame si j\u2019\u00e9tais quelque peu r\u00e9ticente au d\u00e9but, par peur de d\u00e9cevoir les jeunes auditeurs qui pourraient parcourir mes vid\u00e9os, il aura fallu seulement trois vid\u00e9os pour acqu\u00e9rir progressivement confiance en moi et trouver la satisfaction de me sentir utile tout en cr\u00e9ant, animant et en m\u2019amusant.\u00a0 Je me sens encore plus valoris\u00e9e sachant que la diversit\u00e9 des th\u00e8mes abord\u00e9s dans mes lectures permet de rejoindre des enfants ayant diff\u00e9rentes curiosit\u00e9s et pr\u00e9f\u00e9rences. D\u00e9clencher des sourires et susciter l\u2019int\u00e9r\u00eat des tout-petits pour la lecture, cela m\u2019apporte beaucoup de plaisir. Gr\u00e2ce \u00e0 ma contribution, j\u2019esp\u00e8re que j\u2019ai r\u00e9ussi \u00e0 aider <strong>minibiblioPLUS<\/strong> \u00e0 r\u00e9aliser ses activit\u00e9s de sensibilisation et d&#8217;alphab\u00e9tisation pr\u00e9coce et que de plus en plus d\u2019enfants feront leurs premiers pas en lecture.\u00bb<\/p>\n","protected":false},"excerpt":{"rendered":"<p>Anna Savulescu Nous sommes heureux d\u2019annoncer notre b\u00e9n\u00e9vole du mois de f\u00e9vrier 2023: Anna Savulescu! Voici un petit message de sa part: \u00abSuivant les suggestions de mon fr\u00e8re qui lui aussi est b\u00e9n\u00e9vole aupr\u00e8s de minibiblioPLUS, j\u2019ai int\u00e9gr\u00e9 cette \u00e9quipe, en tant qu\u2019animatrice de l\u2019heure du conte Vid\u00e9o, il y a quatre mois. M\u00eame si j\u2019\u00e9tais quelque peu r\u00e9ticente au d\u00e9but, par peur de d\u00e9cevoir les jeunes auditeurs qui pourraient parcourir mes vid\u00e9os, il aura fallu seulement trois vid\u00e9os pour&hellip;<\/p>\n","protected":false},"author":1,"featured_media":0,"comment_status":"open","ping_status":"open","sticky":false,"template":"","format":"standard","meta":{"om_disable_all_campaigns":false,"_monsterinsights_skip_tracking":false,"_monsterinsights_sitenote_active":false,"_monsterinsights_sitenote_note":"","_monsterinsights_sitenote_category":0},"categories":[44],"tags":[],"aioseo_notices":[],"_links":{"self":[{"href":"https:\/\/www.minibiblioplus.org\/index.php\/wp-json\/wp\/v2\/posts\/4549"}],"collection":[{"href":"https:\/\/www.minibiblioplus.org\/index.php\/wp-json\/wp\/v2\/posts"}],"about":[{"href":"https:\/\/www.minibiblioplus.org\/index.php\/wp-json\/wp\/v2\/types\/post"}],"author":[{"embeddable":true,"href":"https:\/\/www.minibiblioplus.org\/index.php\/wp-json\/wp\/v2\/users\/1"}],"replies":[{"embeddable":true,"href":"https:\/\/www.minibiblioplus.org\/index.php\/wp-json\/wp\/v2\/comments?post=4549"}],"version-history":[{"count":4,"href":"https:\/\/www.minibiblioplus.org\/index.php\/wp-json\/wp\/v2\/posts\/4549\/revisions"}],"predecessor-version":[{"id":4558,"href":"https:\/\/www.minibiblioplus.org\/index.php\/wp-json\/wp\/v2\/posts\/4549\/revisions\/4558"}],"wp:attachment":[{"href":"https:\/\/www.minibiblioplus.org\/index.php\/wp-json\/wp\/v2\/media?parent=4549"}],"wp:term":[{"taxonomy":"category","embeddable":true,"href":"https:\/\/www.minibiblioplus.org\/index.php\/wp-json\/wp\/v2\/categories?post=4549"},{"taxonomy":"post_tag","embeddable":true,"href":"https:\/\/www.minibiblioplus.org\/index.php\/wp-json\/wp\/v2\/tags?post=4549"}],"curies":[{"name":"wp","href":"https:\/\/api.w.org\/{rel}","templated":true}]}}