{"id":4733,"date":"2023-05-01T09:33:25","date_gmt":"2023-05-01T09:33:25","guid":{"rendered":"https:\/\/minibiblioplus.org\/?p=4733"},"modified":"2023-04-28T19:19:10","modified_gmt":"2023-04-28T19:19:10","slug":"suggestions-des-livres-semaine-canadienne-du-livre-pour-enfants","status":"publish","type":"post","link":"https:\/\/www.minibiblioplus.org\/index.php\/2023\/05\/01\/suggestions-des-livres-semaine-canadienne-du-livre-pour-enfants\/","title":{"rendered":"Suggestions des livres : Semaine Canadienne du livre pour enfants"},"content":{"rendered":"<p><a href=\"https:\/\/minibiblioplus.org\/wp-content\/uploads\/2023\/05\/Marcos-Picks-Canadian-Childrens-Book-Week-FR.pdf\"><img loading=\"lazy\" class=\"alignnone size-medium wp-image-4740\" src=\"https:\/\/minibiblioplus.org\/wp-content\/uploads\/2023\/04\/Canadian-Childrens-Book-Week-FR-300x300.png\" alt=\"Semaine canadienne du livre pour enfants\" width=\"300\" height=\"300\" srcset=\"https:\/\/www.minibiblioplus.org\/wp-content\/uploads\/2023\/04\/Canadian-Childrens-Book-Week-FR-300x300.png 300w, https:\/\/www.minibiblioplus.org\/wp-content\/uploads\/2023\/04\/Canadian-Childrens-Book-Week-FR-1024x1024.png 1024w, https:\/\/www.minibiblioplus.org\/wp-content\/uploads\/2023\/04\/Canadian-Childrens-Book-Week-FR-150x150.png 150w, https:\/\/www.minibiblioplus.org\/wp-content\/uploads\/2023\/04\/Canadian-Childrens-Book-Week-FR-768x768.png 768w, https:\/\/www.minibiblioplus.org\/wp-content\/uploads\/2023\/04\/Canadian-Childrens-Book-Week-FR-600x600.png 600w, https:\/\/www.minibiblioplus.org\/wp-content\/uploads\/2023\/04\/Canadian-Childrens-Book-Week-FR.png 1080w\" sizes=\"(max-width: 300px) 100vw, 300px\" \/><\/a><\/p>\n<p>C&#8217;est la Semaine canadienne du livre pour enfants, alors voici une liste de suggestions de livres pr\u00e9par\u00e9e par notre biblioth\u00e9caire Marco.<\/p>\n<p>Cliquez sur l&#8217;image pour acc\u00e9der \u00e0 des activit\u00e9s amusantes et \u00e9ducatives pour compl\u00e9ter votre lecture.<\/p>\n<p>Joyeuse semaine canadienne du livre pour enfants !<\/p>\n<p>&nbsp;<\/p>\n","protected":false},"excerpt":{"rendered":"<p>C&#8217;est la Semaine canadienne du livre pour enfants, alors voici une liste de suggestions de livres pr\u00e9par\u00e9e par notre biblioth\u00e9caire Marco. Cliquez sur l&#8217;image pour acc\u00e9der \u00e0 des activit\u00e9s amusantes et \u00e9ducatives pour compl\u00e9ter votre lecture. Joyeuse semaine canadienne du livre pour enfants ! &nbsp;<\/p>\n","protected":false},"author":1,"featured_media":0,"comment_status":"open","ping_status":"open","sticky":false,"template":"","format":"standard","meta":{"om_disable_all_campaigns":false,"_monsterinsights_skip_tracking":false,"_monsterinsights_sitenote_active":false,"_monsterinsights_sitenote_note":"","_monsterinsights_sitenote_category":0},"categories":[51,89],"tags":[132,134,110],"aioseo_notices":[],"_links":{"self":[{"href":"https:\/\/www.minibiblioplus.org\/index.php\/wp-json\/wp\/v2\/posts\/4733"}],"collection":[{"href":"https:\/\/www.minibiblioplus.org\/index.php\/wp-json\/wp\/v2\/posts"}],"about":[{"href":"https:\/\/www.minibiblioplus.org\/index.php\/wp-json\/wp\/v2\/types\/post"}],"author":[{"embeddable":true,"href":"https:\/\/www.minibiblioplus.org\/index.php\/wp-json\/wp\/v2\/users\/1"}],"replies":[{"embeddable":true,"href":"https:\/\/www.minibiblioplus.org\/index.php\/wp-json\/wp\/v2\/comments?post=4733"}],"version-history":[{"count":4,"href":"https:\/\/www.minibiblioplus.org\/index.php\/wp-json\/wp\/v2\/posts\/4733\/revisions"}],"predecessor-version":[{"id":4746,"href":"https:\/\/www.minibiblioplus.org\/index.php\/wp-json\/wp\/v2\/posts\/4733\/revisions\/4746"}],"wp:attachment":[{"href":"https:\/\/www.minibiblioplus.org\/index.php\/wp-json\/wp\/v2\/media?parent=4733"}],"wp:term":[{"taxonomy":"category","embeddable":true,"href":"https:\/\/www.minibiblioplus.org\/index.php\/wp-json\/wp\/v2\/categories?post=4733"},{"taxonomy":"post_tag","embeddable":true,"href":"https:\/\/www.minibiblioplus.org\/index.php\/wp-json\/wp\/v2\/tags?post=4733"}],"curies":[{"name":"wp","href":"https:\/\/api.w.org\/{rel}","templated":true}]}}