{"id":4808,"date":"2023-05-08T10:15:23","date_gmt":"2023-05-08T10:15:23","guid":{"rendered":"https:\/\/minibiblioplus.org\/?p=4808"},"modified":"2023-05-08T16:24:31","modified_gmt":"2023-05-08T16:24:31","slug":"benevole-du-mois-mai-2023","status":"publish","type":"post","link":"https:\/\/www.minibiblioplus.org\/index.php\/2023\/05\/08\/benevole-du-mois-mai-2023\/","title":{"rendered":"B\u00e9n\u00e9vole du\u00a0mois &#8211; mai 2023"},"content":{"rendered":"<p><img loading=\"lazy\" class=\"alignnone size-medium wp-image-4809\" src=\"https:\/\/minibiblioplus.org\/wp-content\/uploads\/2023\/05\/VOM-May-resize-246x300.jpg\" alt=\"B\u00e9n\u00e9vole du\u00a0mois \" width=\"246\" height=\"300\" srcset=\"https:\/\/www.minibiblioplus.org\/wp-content\/uploads\/2023\/05\/VOM-May-resize-246x300.jpg 246w, https:\/\/www.minibiblioplus.org\/wp-content\/uploads\/2023\/05\/VOM-May-resize-840x1024.jpg 840w, https:\/\/www.minibiblioplus.org\/wp-content\/uploads\/2023\/05\/VOM-May-resize-768x936.jpg 768w, https:\/\/www.minibiblioplus.org\/wp-content\/uploads\/2023\/05\/VOM-May-resize-1260x1536.jpg 1260w, https:\/\/www.minibiblioplus.org\/wp-content\/uploads\/2023\/05\/VOM-May-resize-1680x2048.jpg 1680w\" sizes=\"(max-width: 246px) 100vw, 246px\" \/><\/p>\n<h2><strong><span style=\"color: #3366ff;\">Gaelle Paquet<\/span><\/strong><\/h2>\n<p>Nous sommes heureux d\u2019annoncer notre b\u00e9n\u00e9vole du mois de mai 2023: <strong>Gaelle Paquet !<\/strong> Voici un petit message de sa part:<\/p>\n<p>&#8220;Lors de mon premier jour de b\u00e9n\u00e9volat, j&#8217;ai \u00e9t\u00e9 surprise de voir qu&#8217;un groupe de petits enfants pouvait me rendre si nerveuse. Pourtant, il ne m&#8217;a fallu que quelques minutes pour r\u00e9aliser \u00e0 quel point ils \u00e9taient merveilleux et curieux. Tout au long de mon b\u00e9n\u00e9volat, j&#8217;en suis venue \u00e0 penser que la lecture fait partie int\u00e9grante de la vie, de l&#8217;apprentissage et du plaisir. Je pense donc qu&#8217;il est extr\u00eamement important que les enfants d\u00e9veloppent un int\u00e9r\u00eat pour la lecture d\u00e8s leur plus jeune \u00e2ge. En les exposant aux livres d&#8217;une mani\u00e8re amusante et informelle, les enfants ont vraiment d\u00e9velopp\u00e9 une relation forte et durable avec la lecture. C&#8217;est pourquoi je pense que des projetc comme <strong>minibiblioPLUS<\/strong> sont si n\u00e9cessaires.<\/p>\n<p>Mon b\u00e9n\u00e9volat ici m&#8217;a donn\u00e9 une nouvelle perspective sur le lien entre l&#8217;\u00e9ducation et le divertissement. J&#8217;appr\u00e9cie vraiment mon travail ici et je pense que voir les visages des enfants s&#8217;illuminer chaque fois qu&#8217;ils me voient, moi et les livres, est l&#8217;un des sentiments les plus inestimables qui soient.<\/p>\n","protected":false},"excerpt":{"rendered":"<p>Gaelle Paquet Nous sommes heureux d\u2019annoncer notre b\u00e9n\u00e9vole du mois de mai 2023: Gaelle Paquet ! Voici un petit message de sa part: &#8220;Lors de mon premier jour de b\u00e9n\u00e9volat, j&#8217;ai \u00e9t\u00e9 surprise de voir qu&#8217;un groupe de petits enfants pouvait me rendre si nerveuse. Pourtant, il ne m&#8217;a fallu que quelques minutes pour r\u00e9aliser \u00e0 quel point ils \u00e9taient merveilleux et curieux. Tout au long de mon b\u00e9n\u00e9volat, j&#8217;en suis venue \u00e0 penser que la lecture fait partie int\u00e9grante&hellip;<\/p>\n","protected":false},"author":1,"featured_media":0,"comment_status":"open","ping_status":"open","sticky":false,"template":"","format":"standard","meta":{"om_disable_all_campaigns":false,"_monsterinsights_skip_tracking":false,"_monsterinsights_sitenote_active":false,"_monsterinsights_sitenote_note":"","_monsterinsights_sitenote_category":0},"categories":[44,51],"tags":[110,150,152],"aioseo_notices":[],"_links":{"self":[{"href":"https:\/\/www.minibiblioplus.org\/index.php\/wp-json\/wp\/v2\/posts\/4808"}],"collection":[{"href":"https:\/\/www.minibiblioplus.org\/index.php\/wp-json\/wp\/v2\/posts"}],"about":[{"href":"https:\/\/www.minibiblioplus.org\/index.php\/wp-json\/wp\/v2\/types\/post"}],"author":[{"embeddable":true,"href":"https:\/\/www.minibiblioplus.org\/index.php\/wp-json\/wp\/v2\/users\/1"}],"replies":[{"embeddable":true,"href":"https:\/\/www.minibiblioplus.org\/index.php\/wp-json\/wp\/v2\/comments?post=4808"}],"version-history":[{"count":2,"href":"https:\/\/www.minibiblioplus.org\/index.php\/wp-json\/wp\/v2\/posts\/4808\/revisions"}],"predecessor-version":[{"id":4811,"href":"https:\/\/www.minibiblioplus.org\/index.php\/wp-json\/wp\/v2\/posts\/4808\/revisions\/4811"}],"wp:attachment":[{"href":"https:\/\/www.minibiblioplus.org\/index.php\/wp-json\/wp\/v2\/media?parent=4808"}],"wp:term":[{"taxonomy":"category","embeddable":true,"href":"https:\/\/www.minibiblioplus.org\/index.php\/wp-json\/wp\/v2\/categories?post=4808"},{"taxonomy":"post_tag","embeddable":true,"href":"https:\/\/www.minibiblioplus.org\/index.php\/wp-json\/wp\/v2\/tags?post=4808"}],"curies":[{"name":"wp","href":"https:\/\/api.w.org\/{rel}","templated":true}]}}