{"id":4848,"date":"2023-06-16T10:22:35","date_gmt":"2023-06-16T10:22:35","guid":{"rendered":"https:\/\/minibiblioplus.org\/?p=4848"},"modified":"2024-06-14T11:05:58","modified_gmt":"2024-06-14T15:05:58","slug":"livre-du-mois-juin-2","status":"publish","type":"post","link":"https:\/\/www.minibiblioplus.org\/index.php\/2023\/06\/16\/livre-du-mois-juin-2\/","title":{"rendered":"Livre du mois &#8211; juin"},"content":{"rendered":"<p><a href=\"https:\/\/minibiblioplus.org\/wp-content\/uploads\/2023\/06\/Book-of-the-month_June-FR.pdf\"><img loading=\"lazy\" class=\"alignnone size-medium wp-image-4849\" src=\"https:\/\/minibiblioplus.org\/wp-content\/uploads\/2023\/06\/Book-of-the-month-JUNE-2-300x300.jpg\" alt=\"Livre du mois juin\" width=\"300\" height=\"300\" srcset=\"https:\/\/www.minibiblioplus.org\/wp-content\/uploads\/2023\/06\/Book-of-the-month-JUNE-2-300x300.jpg 300w, https:\/\/www.minibiblioplus.org\/wp-content\/uploads\/2023\/06\/Book-of-the-month-JUNE-2-1024x1024.jpg 1024w, https:\/\/www.minibiblioplus.org\/wp-content\/uploads\/2023\/06\/Book-of-the-month-JUNE-2-150x150.jpg 150w, https:\/\/www.minibiblioplus.org\/wp-content\/uploads\/2023\/06\/Book-of-the-month-JUNE-2-768x768.jpg 768w, https:\/\/www.minibiblioplus.org\/wp-content\/uploads\/2023\/06\/Book-of-the-month-JUNE-2-600x600.jpg 600w, https:\/\/www.minibiblioplus.org\/wp-content\/uploads\/2023\/06\/Book-of-the-month-JUNE-2.jpg 1080w\" sizes=\"(max-width: 300px) 100vw, 300px\" \/><\/a><\/p>\n<p>Voici votre livre du mois de juin: \u00ab J&#8217;adore \u00eatre papa \u00bb par Dan Bar-el et avec des illustrations de Gina Perry.<\/p>\n<p>Cliquez sur l\u2019image pour acc\u00e9der \u00e0 notre liste d\u2019activit\u00e9s amusantes et \u00e9ducatives pour compl\u00e9menter votre lecture !<\/p>\n<p>Et cliquez<a href=\"https:\/\/drive.google.com\/file\/d\/12qaDWVR5MAKOv6M3SCUOkmMuWj-aFXDc\/view?usp=drive_link\"> ici<\/a> pour une surprise sp\u00e9ciale !<\/p>\n<p>&nbsp;<\/p>\n","protected":false},"excerpt":{"rendered":"<p>Voici votre livre du mois de juin: \u00ab J&#8217;adore \u00eatre papa \u00bb par Dan Bar-el et avec des illustrations de Gina Perry. Cliquez sur l\u2019image pour acc\u00e9der \u00e0 notre liste d\u2019activit\u00e9s amusantes et \u00e9ducatives pour compl\u00e9menter votre lecture ! Et cliquez ici pour une surprise sp\u00e9ciale ! &nbsp;<\/p>\n","protected":false},"author":1,"featured_media":0,"comment_status":"open","ping_status":"open","sticky":false,"template":"","format":"standard","meta":{"om_disable_all_campaigns":false,"_monsterinsights_skip_tracking":false,"_monsterinsights_sitenote_active":false,"_monsterinsights_sitenote_note":"","_monsterinsights_sitenote_category":0},"categories":[51,89],"tags":[110,156,120,122],"aioseo_notices":[],"_links":{"self":[{"href":"https:\/\/www.minibiblioplus.org\/index.php\/wp-json\/wp\/v2\/posts\/4848"}],"collection":[{"href":"https:\/\/www.minibiblioplus.org\/index.php\/wp-json\/wp\/v2\/posts"}],"about":[{"href":"https:\/\/www.minibiblioplus.org\/index.php\/wp-json\/wp\/v2\/types\/post"}],"author":[{"embeddable":true,"href":"https:\/\/www.minibiblioplus.org\/index.php\/wp-json\/wp\/v2\/users\/1"}],"replies":[{"embeddable":true,"href":"https:\/\/www.minibiblioplus.org\/index.php\/wp-json\/wp\/v2\/comments?post=4848"}],"version-history":[{"count":4,"href":"https:\/\/www.minibiblioplus.org\/index.php\/wp-json\/wp\/v2\/posts\/4848\/revisions"}],"predecessor-version":[{"id":5801,"href":"https:\/\/www.minibiblioplus.org\/index.php\/wp-json\/wp\/v2\/posts\/4848\/revisions\/5801"}],"wp:attachment":[{"href":"https:\/\/www.minibiblioplus.org\/index.php\/wp-json\/wp\/v2\/media?parent=4848"}],"wp:term":[{"taxonomy":"category","embeddable":true,"href":"https:\/\/www.minibiblioplus.org\/index.php\/wp-json\/wp\/v2\/categories?post=4848"},{"taxonomy":"post_tag","embeddable":true,"href":"https:\/\/www.minibiblioplus.org\/index.php\/wp-json\/wp\/v2\/tags?post=4848"}],"curies":[{"name":"wp","href":"https:\/\/api.w.org\/{rel}","templated":true}]}}