{"id":4890,"date":"2023-06-20T09:09:52","date_gmt":"2023-06-20T09:09:52","guid":{"rendered":"https:\/\/minibiblioplus.org\/?p=4890"},"modified":"2023-06-20T01:25:18","modified_gmt":"2023-06-20T01:25:18","slug":"suggestions-des-livres-journee-mondiale-du-refugie","status":"publish","type":"post","link":"https:\/\/www.minibiblioplus.org\/index.php\/2023\/06\/20\/suggestions-des-livres-journee-mondiale-du-refugie\/","title":{"rendered":"Suggestions des livres : Journ\u00e9e mondiale du r\u00e9fugi\u00e9"},"content":{"rendered":"<p><img loading=\"lazy\" class=\"alignnone size-medium wp-image-4931\" src=\"https:\/\/minibiblioplus.org\/wp-content\/uploads\/2023\/06\/book-suggestions-World-Refugee-Day-300x300.png\" alt=\"\" width=\"300\" height=\"300\" srcset=\"https:\/\/www.minibiblioplus.org\/wp-content\/uploads\/2023\/06\/book-suggestions-World-Refugee-Day-300x300.png 300w, https:\/\/www.minibiblioplus.org\/wp-content\/uploads\/2023\/06\/book-suggestions-World-Refugee-Day-1024x1024.png 1024w, https:\/\/www.minibiblioplus.org\/wp-content\/uploads\/2023\/06\/book-suggestions-World-Refugee-Day-150x150.png 150w, https:\/\/www.minibiblioplus.org\/wp-content\/uploads\/2023\/06\/book-suggestions-World-Refugee-Day-768x768.png 768w, https:\/\/www.minibiblioplus.org\/wp-content\/uploads\/2023\/06\/book-suggestions-World-Refugee-Day-600x600.png 600w, https:\/\/www.minibiblioplus.org\/wp-content\/uploads\/2023\/06\/book-suggestions-World-Refugee-Day.png 1080w\" sizes=\"(max-width: 300px) 100vw, 300px\" \/><\/p>\n<p>En l&#8217;honneur de la Journ\u00e9e internationale des r\u00e9fugi\u00e9s, voici quelques lectures recommand\u00e9es par notre b\u00e9n\u00e9vole Wanessa Cardoso.<\/p>\n<p>Saviez-vous que chaque ann\u00e9e, le 20 juin, le monde entier c\u00e9l\u00e8bre la Journ\u00e9e mondiale du r\u00e9fugi\u00e9 ? Il s&#8217;agit d&#8217;une journ\u00e9e internationale qui rend hommage aux personnes qui ont \u00e9t\u00e9 contraintes de fuir. L&#8217;id\u00e9e est qu&#8217;ensemble, nous pouvons d\u00e9fendre leur droit \u00e0 la s\u00e9curit\u00e9, soutenir leur inclusion \u00e9conomique et sociale et plaider pour des solutions \u00e0 leur situation. (Source : UNHCR).<\/p>\n<p>Cliquez sur l&#8217;image pour acc\u00e9der aux informations !<\/p>\n","protected":false},"excerpt":{"rendered":"<p>En l&#8217;honneur de la Journ\u00e9e internationale des r\u00e9fugi\u00e9s, voici quelques lectures recommand\u00e9es par notre b\u00e9n\u00e9vole Wanessa Cardoso. Saviez-vous que chaque ann\u00e9e, le 20 juin, le monde entier c\u00e9l\u00e8bre la Journ\u00e9e mondiale du r\u00e9fugi\u00e9 ? Il s&#8217;agit d&#8217;une journ\u00e9e internationale qui rend hommage aux personnes qui ont \u00e9t\u00e9 contraintes de fuir. L&#8217;id\u00e9e est qu&#8217;ensemble, nous pouvons d\u00e9fendre leur droit \u00e0 la s\u00e9curit\u00e9, soutenir leur inclusion \u00e9conomique et sociale et plaider pour des solutions \u00e0 leur situation. (Source : UNHCR). Cliquez sur&hellip;<\/p>\n","protected":false},"author":1,"featured_media":0,"comment_status":"open","ping_status":"open","sticky":false,"template":"","format":"standard","meta":{"om_disable_all_campaigns":false,"_monsterinsights_skip_tracking":false,"_monsterinsights_sitenote_active":false,"_monsterinsights_sitenote_note":"","_monsterinsights_sitenote_category":0},"categories":[51,89],"tags":[120,122],"aioseo_notices":[],"_links":{"self":[{"href":"https:\/\/www.minibiblioplus.org\/index.php\/wp-json\/wp\/v2\/posts\/4890"}],"collection":[{"href":"https:\/\/www.minibiblioplus.org\/index.php\/wp-json\/wp\/v2\/posts"}],"about":[{"href":"https:\/\/www.minibiblioplus.org\/index.php\/wp-json\/wp\/v2\/types\/post"}],"author":[{"embeddable":true,"href":"https:\/\/www.minibiblioplus.org\/index.php\/wp-json\/wp\/v2\/users\/1"}],"replies":[{"embeddable":true,"href":"https:\/\/www.minibiblioplus.org\/index.php\/wp-json\/wp\/v2\/comments?post=4890"}],"version-history":[{"count":3,"href":"https:\/\/www.minibiblioplus.org\/index.php\/wp-json\/wp\/v2\/posts\/4890\/revisions"}],"predecessor-version":[{"id":4932,"href":"https:\/\/www.minibiblioplus.org\/index.php\/wp-json\/wp\/v2\/posts\/4890\/revisions\/4932"}],"wp:attachment":[{"href":"https:\/\/www.minibiblioplus.org\/index.php\/wp-json\/wp\/v2\/media?parent=4890"}],"wp:term":[{"taxonomy":"category","embeddable":true,"href":"https:\/\/www.minibiblioplus.org\/index.php\/wp-json\/wp\/v2\/categories?post=4890"},{"taxonomy":"post_tag","embeddable":true,"href":"https:\/\/www.minibiblioplus.org\/index.php\/wp-json\/wp\/v2\/tags?post=4890"}],"curies":[{"name":"wp","href":"https:\/\/api.w.org\/{rel}","templated":true}]}}