{"id":5121,"date":"2023-09-01T12:10:50","date_gmt":"2023-09-01T16:10:50","guid":{"rendered":"https:\/\/minibiblioplus.org\/?p=5121"},"modified":"2023-09-01T12:10:50","modified_gmt":"2023-09-01T16:10:50","slug":"benevole-du-mois-aout-2023","status":"publish","type":"post","link":"https:\/\/www.minibiblioplus.org\/index.php\/2023\/09\/01\/benevole-du-mois-aout-2023\/","title":{"rendered":"B\u00e9n\u00e9vole du mois \u2013 ao\u00fbt  2023"},"content":{"rendered":"<div id=\"attachment_5122\" style=\"width: 235px\" class=\"wp-caption alignnone\"><img aria-describedby=\"caption-attachment-5122\" loading=\"lazy\" class=\"size-medium wp-image-5122\" src=\"https:\/\/minibiblioplus.org\/wp-content\/uploads\/2023\/09\/vol-of-the-month-August-WP-1-225x300.jpg\" alt=\"b\u00e9n\u00e9vole du mois d'ao\u00fbt 2023 \" width=\"225\" height=\"300\" srcset=\"https:\/\/www.minibiblioplus.org\/wp-content\/uploads\/2023\/09\/vol-of-the-month-August-WP-1-225x300.jpg 225w, https:\/\/www.minibiblioplus.org\/wp-content\/uploads\/2023\/09\/vol-of-the-month-August-WP-1-768x1024.jpg 768w, https:\/\/www.minibiblioplus.org\/wp-content\/uploads\/2023\/09\/vol-of-the-month-August-WP-1-1152x1536.jpg 1152w, https:\/\/www.minibiblioplus.org\/wp-content\/uploads\/2023\/09\/vol-of-the-month-August-WP-1-1536x2048.jpg 1536w, https:\/\/www.minibiblioplus.org\/wp-content\/uploads\/2023\/09\/vol-of-the-month-August-WP-1-scaled.jpg 1920w\" sizes=\"(max-width: 225px) 100vw, 225px\" \/><p id=\"caption-attachment-5122\" class=\"wp-caption-text\">Sivaranjini Ramesh<\/p><\/div>\n<h2><span style=\"color: #0000ff;\">Sivaranjini Ramesh<\/span><\/h2>\n<p>Nous sommes ravis d&#8217;annoncer notre b\u00e9n\u00e9vole du mois d&#8217;ao\u00fbt 2023 : Sivaranjini Ramesh ! Voici un message de sa part :<\/p>\n<blockquote><p>J&#8217;ai eu la merveilleuse opportunit\u00e9 de faire du b\u00e9n\u00e9volat \u00e0<span style=\"color: #00ccff;\"> minibiblioPLUS<\/span>, une oasis d&#8217;apprentissage et d&#8217;imagination. Il est remarquable que cette biblioth\u00e8que ouvre gratuitement ses portes aux enfants. Cette ouverture permet \u00e0 chaque enfant de d\u00e9couvrir l&#8217;enchantement des livres au sein m\u00eame de sa garderie.<br \/>\nLorsque j&#8217;\u00e9tais enfant, je ch\u00e9rissais mes visites \u00e0 la biblioth\u00e8que, me plongeant dans des histoires captivantes. Il est vraiment incroyable de voir<span style=\"color: #00ccff;\"> minibiblioPLUS<\/span> apporter la magie des livres aux enfants dans le cadre confortable de leur garderie. Les \u00e9tag\u00e8res bien organis\u00e9es, les livres class\u00e9s avec soin et l&#8217;engagement de la biblioth\u00e8que \u00e0 promouvoir l&#8217;\u00e9quit\u00e9 et la compr\u00e9hension culturelle t\u00e9moignent de sa volont\u00e9 d&#8217;encourager la connaissance.<br \/>\nEn tant qu&#8217;assistante de biblioth\u00e8que, j&#8217;ai eu le privil\u00e8ge non seulement de ranger des livres, mais aussi de me plonger dans leur contenu. Explorer des sujets aussi profonds que la sant\u00e9 mentale et la pand\u00e9mie, pertinents mais souvent n\u00e9glig\u00e9s, m&#8217;a ouvert les yeux. Ce qui est encore plus inspirant, c&#8217;est que les enfants sont initi\u00e9s \u00e0 ces sujets sensibles, ce qui les encourage \u00e0 faire preuve de responsabilit\u00e9 et d&#8217;empathie d\u00e8s leur plus jeune \u00e2ge.<br \/>\nApprendre les subtilit\u00e9s de la gestion d&#8217;une biblioth\u00e8que, du syst\u00e8me d\u00e9cimal de Dewey au catalogage et \u00e0 l&#8217;organisation des rayons, m&#8217;a apport\u00e9 une immense fiert\u00e9 et un sentiment d&#8217;accomplissement.<br \/>\nL&#8217;exp\u00e9rience d&#8217;\u00eatre biblioth\u00e9caire \u00e9tait exaltante, et le rappel par Marco de la citation &#8220;Je suis biblioth\u00e9caire, quel est ton superpouvoir ?&#8221; r\u00e9sume l&#8217;autonomisation que j&#8217;ai ressentie au fil des semaines.<\/p>\n<p>Bien que mon emploi du temps me tienne occup\u00e9e pour le moment, j&#8217;attends avec impatience le jour o\u00f9 je pourrai retourner \u00e0<span style=\"color: #00ccff;\"> minibiblioPLUS<\/span> et raviver ma passion pour les livres, l&#8217;organisation et le monde illimit\u00e9 de l&#8217;apprentissage.<\/p><\/blockquote>\n","protected":false},"excerpt":{"rendered":"<p>Sivaranjini Ramesh Nous sommes ravis d&#8217;annoncer notre b\u00e9n\u00e9vole du mois d&#8217;ao\u00fbt 2023 : Sivaranjini Ramesh ! Voici un message de sa part : J&#8217;ai eu la merveilleuse opportunit\u00e9 de faire du b\u00e9n\u00e9volat \u00e0 minibiblioPLUS, une oasis d&#8217;apprentissage et d&#8217;imagination. Il est remarquable que cette biblioth\u00e8que ouvre gratuitement ses portes aux enfants. Cette ouverture permet \u00e0 chaque enfant de d\u00e9couvrir l&#8217;enchantement des livres au sein m\u00eame de sa garderie. Lorsque j&#8217;\u00e9tais enfant, je ch\u00e9rissais mes visites \u00e0 la biblioth\u00e8que, me plongeant&hellip;<\/p>\n","protected":false},"author":1,"featured_media":0,"comment_status":"open","ping_status":"open","sticky":false,"template":"","format":"standard","meta":{"om_disable_all_campaigns":false,"_monsterinsights_skip_tracking":false,"_monsterinsights_sitenote_active":false,"_monsterinsights_sitenote_note":"","_monsterinsights_sitenote_category":0},"categories":[44,51],"tags":[110,150,152],"aioseo_notices":[],"_links":{"self":[{"href":"https:\/\/www.minibiblioplus.org\/index.php\/wp-json\/wp\/v2\/posts\/5121"}],"collection":[{"href":"https:\/\/www.minibiblioplus.org\/index.php\/wp-json\/wp\/v2\/posts"}],"about":[{"href":"https:\/\/www.minibiblioplus.org\/index.php\/wp-json\/wp\/v2\/types\/post"}],"author":[{"embeddable":true,"href":"https:\/\/www.minibiblioplus.org\/index.php\/wp-json\/wp\/v2\/users\/1"}],"replies":[{"embeddable":true,"href":"https:\/\/www.minibiblioplus.org\/index.php\/wp-json\/wp\/v2\/comments?post=5121"}],"version-history":[{"count":2,"href":"https:\/\/www.minibiblioplus.org\/index.php\/wp-json\/wp\/v2\/posts\/5121\/revisions"}],"predecessor-version":[{"id":5124,"href":"https:\/\/www.minibiblioplus.org\/index.php\/wp-json\/wp\/v2\/posts\/5121\/revisions\/5124"}],"wp:attachment":[{"href":"https:\/\/www.minibiblioplus.org\/index.php\/wp-json\/wp\/v2\/media?parent=5121"}],"wp:term":[{"taxonomy":"category","embeddable":true,"href":"https:\/\/www.minibiblioplus.org\/index.php\/wp-json\/wp\/v2\/categories?post=5121"},{"taxonomy":"post_tag","embeddable":true,"href":"https:\/\/www.minibiblioplus.org\/index.php\/wp-json\/wp\/v2\/tags?post=5121"}],"curies":[{"name":"wp","href":"https:\/\/api.w.org\/{rel}","templated":true}]}}