{"id":5249,"date":"2023-10-27T12:03:42","date_gmt":"2023-10-27T16:03:42","guid":{"rendered":"https:\/\/minibiblioplus.org\/?p=5249"},"modified":"2023-10-27T12:03:42","modified_gmt":"2023-10-27T16:03:42","slug":"benevole-du-mois-octobre-2023","status":"publish","type":"post","link":"https:\/\/www.minibiblioplus.org\/index.php\/2023\/10\/27\/benevole-du-mois-octobre-2023\/","title":{"rendered":"B\u00e9n\u00e9vole du mois- octobre 2023"},"content":{"rendered":"<p><img loading=\"lazy\" class=\"alignnone size-medium wp-image-5250\" src=\"https:\/\/minibiblioplus.org\/wp-content\/uploads\/2023\/10\/Untitled-design-5-1-300x195.jpg\" alt=\"\" width=\"300\" height=\"195\" srcset=\"https:\/\/www.minibiblioplus.org\/wp-content\/uploads\/2023\/10\/Untitled-design-5-1-300x195.jpg 300w, https:\/\/www.minibiblioplus.org\/wp-content\/uploads\/2023\/10\/Untitled-design-5-1-768x499.jpg 768w, https:\/\/www.minibiblioplus.org\/wp-content\/uploads\/2023\/10\/Untitled-design-5-1.jpg 866w\" sizes=\"(max-width: 300px) 100vw, 300px\" \/><\/p>\n<h2><span style=\"color: #3366ff;\">Grace Mensah<\/span><\/h2>\n<p>\ud83d\udc4f\ud83e\udd29 F\u00e9licitations \u00e0 notre nouvelle b\u00e9n\u00e9vole du mois, Grace, qui apporte une aide pr\u00e9cieuse \u00e0 notre biblioth\u00e8que. Voici ce qu&#8217;elle a \u00e0 dire sur son exp\u00e9rience de b\u00e9n\u00e9vole :<\/p>\n<p class=\"p-title-value\"><em>\u00ab Le b\u00e9n\u00e9volat avec minibiblioPLUS m&#8217;a montr\u00e9 que tout temps libre que l&#8217;on peut donner en b\u00e9n\u00e9volat peut avoir un impact positif sur la vie d&#8217;une personne. J&#8217;appr\u00e9cie de pouvoir voir et partager l&#8217;amour de la lecture avec de nombreux lecteurs, jeunes et moins jeunes ! Le personnel formidable m&#8217;a \u00e9galement aid\u00e9e \u00e0 d\u00e9couvrir de nouvelles fa\u00e7ons d&#8217;\u00eatre cr\u00e9ative et de profiter du moment pr\u00e9sent. Je suis tr\u00e8s reconnaissante de faire partie de minibiblioPLUS. \u00bb<\/em><\/p>\n","protected":false},"excerpt":{"rendered":"<p>Grace Mensah \ud83d\udc4f\ud83e\udd29 F\u00e9licitations \u00e0 notre nouvelle b\u00e9n\u00e9vole du mois, Grace, qui apporte une aide pr\u00e9cieuse \u00e0 notre biblioth\u00e8que. Voici ce qu&#8217;elle a \u00e0 dire sur son exp\u00e9rience de b\u00e9n\u00e9vole : \u00ab Le b\u00e9n\u00e9volat avec minibiblioPLUS m&#8217;a montr\u00e9 que tout temps libre que l&#8217;on peut donner en b\u00e9n\u00e9volat peut avoir un impact positif sur la vie d&#8217;une personne. J&#8217;appr\u00e9cie de pouvoir voir et partager l&#8217;amour de la lecture avec de nombreux lecteurs, jeunes et moins jeunes ! Le personnel formidable&hellip;<\/p>\n","protected":false},"author":1,"featured_media":0,"comment_status":"open","ping_status":"open","sticky":false,"template":"","format":"standard","meta":{"om_disable_all_campaigns":false,"_monsterinsights_skip_tracking":false,"_monsterinsights_sitenote_active":false,"_monsterinsights_sitenote_note":"","_monsterinsights_sitenote_category":0},"categories":[44,51],"tags":[],"aioseo_notices":[],"_links":{"self":[{"href":"https:\/\/www.minibiblioplus.org\/index.php\/wp-json\/wp\/v2\/posts\/5249"}],"collection":[{"href":"https:\/\/www.minibiblioplus.org\/index.php\/wp-json\/wp\/v2\/posts"}],"about":[{"href":"https:\/\/www.minibiblioplus.org\/index.php\/wp-json\/wp\/v2\/types\/post"}],"author":[{"embeddable":true,"href":"https:\/\/www.minibiblioplus.org\/index.php\/wp-json\/wp\/v2\/users\/1"}],"replies":[{"embeddable":true,"href":"https:\/\/www.minibiblioplus.org\/index.php\/wp-json\/wp\/v2\/comments?post=5249"}],"version-history":[{"count":1,"href":"https:\/\/www.minibiblioplus.org\/index.php\/wp-json\/wp\/v2\/posts\/5249\/revisions"}],"predecessor-version":[{"id":5251,"href":"https:\/\/www.minibiblioplus.org\/index.php\/wp-json\/wp\/v2\/posts\/5249\/revisions\/5251"}],"wp:attachment":[{"href":"https:\/\/www.minibiblioplus.org\/index.php\/wp-json\/wp\/v2\/media?parent=5249"}],"wp:term":[{"taxonomy":"category","embeddable":true,"href":"https:\/\/www.minibiblioplus.org\/index.php\/wp-json\/wp\/v2\/categories?post=5249"},{"taxonomy":"post_tag","embeddable":true,"href":"https:\/\/www.minibiblioplus.org\/index.php\/wp-json\/wp\/v2\/tags?post=5249"}],"curies":[{"name":"wp","href":"https:\/\/api.w.org\/{rel}","templated":true}]}}