{"id":5260,"date":"2023-09-01T14:18:33","date_gmt":"2023-09-01T18:18:33","guid":{"rendered":"https:\/\/minibiblioplus.org\/?p=5260"},"modified":"2023-10-27T14:22:08","modified_gmt":"2023-10-27T18:22:08","slug":"lheure-du-conte-dans-le-parc-ete-2023","status":"publish","type":"post","link":"https:\/\/www.minibiblioplus.org\/index.php\/2023\/09\/01\/lheure-du-conte-dans-le-parc-ete-2023\/","title":{"rendered":"L&#8217;heure du conte dans le parc- \u00e9t\u00e9 2023"},"content":{"rendered":"<table width=\"100%\">\n<tbody>\n<tr>\n<td>\n<h3><a href=\"https:\/\/drive.google.com\/file\/d\/1FyjfC7pKiZ_ELr_TjLboCgOagPoz3zlp\/view\"><img loading=\"lazy\" class=\"alignnone size-medium wp-image-5261\" src=\"https:\/\/minibiblioplus.org\/wp-content\/uploads\/2023\/10\/Screenshot-2023-10-27-141542-233x300.png\" alt=\"\" width=\"233\" height=\"300\" srcset=\"https:\/\/www.minibiblioplus.org\/wp-content\/uploads\/2023\/10\/Screenshot-2023-10-27-141542-233x300.png 233w, https:\/\/www.minibiblioplus.org\/wp-content\/uploads\/2023\/10\/Screenshot-2023-10-27-141542.png 703w\" sizes=\"(max-width: 233px) 100vw, 233px\" \/><\/a><\/h3>\n<h4><span style=\"color: #3366ff;\"><strong>en collaboration avec biblioth\u00e8que Benny<\/strong><\/span><\/h4>\n<p>Au cours de l&#8217;\u00e9t\u00e9, nous avons lanc\u00e9 le projet <strong>L&#8217;heure du conte dans le parc <\/strong>en collaboration avec la <strong>biblioth\u00e8que Benny.<\/strong> Nous avons anim\u00e9 des s\u00e9ances d&#8217;heure du conte dans <strong>cinq parcs diff\u00e9rents de CDN-NDG.<\/strong> Ce projet a connu un grand succ\u00e8s, avec <strong>226 enfants<\/strong> pr\u00e9sents, ce qui d\u00e9montre le besoin d&#8217;activit\u00e9s d&#8217;alphab\u00e9tisation en plein air au sein de la communaut\u00e9. Nous sommes enchant\u00e9s de poursuivre ce projet de nouveau \u00e0 l&#8217;\u00e9t\u00e9 prochain.<\/p>\n<p>Cliquez sur la photo ci-dessus pour lire notre rapport complet.<\/p>\n<p>&nbsp;<\/p>\n<p>&nbsp;<\/td>\n<\/tr>\n<\/tbody>\n<\/table>\n","protected":false},"excerpt":{"rendered":"<p>en collaboration avec biblioth\u00e8que Benny Au cours de l&#8217;\u00e9t\u00e9, nous avons lanc\u00e9 le projet L&#8217;heure du conte dans le parc en collaboration avec la biblioth\u00e8que Benny. Nous avons anim\u00e9 des s\u00e9ances d&#8217;heure du conte dans cinq parcs diff\u00e9rents de CDN-NDG. Ce projet a connu un grand succ\u00e8s, avec 226 enfants pr\u00e9sents, ce qui d\u00e9montre le besoin d&#8217;activit\u00e9s d&#8217;alphab\u00e9tisation en plein air au sein de la communaut\u00e9. Nous sommes enchant\u00e9s de poursuivre ce projet de nouveau \u00e0 l&#8217;\u00e9t\u00e9 prochain. Cliquez sur&hellip;<\/p>\n","protected":false},"author":1,"featured_media":0,"comment_status":"open","ping_status":"open","sticky":false,"template":"","format":"standard","meta":{"om_disable_all_campaigns":false,"_monsterinsights_skip_tracking":false,"_monsterinsights_sitenote_active":false,"_monsterinsights_sitenote_note":"","_monsterinsights_sitenote_category":0},"categories":[51],"tags":[],"aioseo_notices":[],"_links":{"self":[{"href":"https:\/\/www.minibiblioplus.org\/index.php\/wp-json\/wp\/v2\/posts\/5260"}],"collection":[{"href":"https:\/\/www.minibiblioplus.org\/index.php\/wp-json\/wp\/v2\/posts"}],"about":[{"href":"https:\/\/www.minibiblioplus.org\/index.php\/wp-json\/wp\/v2\/types\/post"}],"author":[{"embeddable":true,"href":"https:\/\/www.minibiblioplus.org\/index.php\/wp-json\/wp\/v2\/users\/1"}],"replies":[{"embeddable":true,"href":"https:\/\/www.minibiblioplus.org\/index.php\/wp-json\/wp\/v2\/comments?post=5260"}],"version-history":[{"count":3,"href":"https:\/\/www.minibiblioplus.org\/index.php\/wp-json\/wp\/v2\/posts\/5260\/revisions"}],"predecessor-version":[{"id":5264,"href":"https:\/\/www.minibiblioplus.org\/index.php\/wp-json\/wp\/v2\/posts\/5260\/revisions\/5264"}],"wp:attachment":[{"href":"https:\/\/www.minibiblioplus.org\/index.php\/wp-json\/wp\/v2\/media?parent=5260"}],"wp:term":[{"taxonomy":"category","embeddable":true,"href":"https:\/\/www.minibiblioplus.org\/index.php\/wp-json\/wp\/v2\/categories?post=5260"},{"taxonomy":"post_tag","embeddable":true,"href":"https:\/\/www.minibiblioplus.org\/index.php\/wp-json\/wp\/v2\/tags?post=5260"}],"curies":[{"name":"wp","href":"https:\/\/api.w.org\/{rel}","templated":true}]}}