{"id":5379,"date":"2023-06-01T15:44:11","date_gmt":"2023-06-01T19:44:11","guid":{"rendered":"https:\/\/minibiblioplus.org\/?p=5379"},"modified":"2023-11-08T15:44:24","modified_gmt":"2023-11-08T20:44:24","slug":"benevole-du-mois-juin-2023","status":"publish","type":"post","link":"https:\/\/www.minibiblioplus.org\/index.php\/2023\/06\/01\/benevole-du-mois-juin-2023\/","title":{"rendered":"B\u00e9n\u00e9vole du mois &#8211; juin 2023"},"content":{"rendered":"<p><img loading=\"lazy\" class=\"alignnone size-medium wp-image-5380\" src=\"https:\/\/minibiblioplus.org\/wp-content\/uploads\/2023\/11\/353449296_261374096481073_1111058607679109812_n-1-300x225.jpg\" alt=\"\" width=\"300\" height=\"225\" srcset=\"https:\/\/www.minibiblioplus.org\/wp-content\/uploads\/2023\/11\/353449296_261374096481073_1111058607679109812_n-1-300x225.jpg 300w, https:\/\/www.minibiblioplus.org\/wp-content\/uploads\/2023\/11\/353449296_261374096481073_1111058607679109812_n-1-1024x768.jpg 1024w, https:\/\/www.minibiblioplus.org\/wp-content\/uploads\/2023\/11\/353449296_261374096481073_1111058607679109812_n-1-768x576.jpg 768w, https:\/\/www.minibiblioplus.org\/wp-content\/uploads\/2023\/11\/353449296_261374096481073_1111058607679109812_n-1-1536x1152.jpg 1536w, https:\/\/www.minibiblioplus.org\/wp-content\/uploads\/2023\/11\/353449296_261374096481073_1111058607679109812_n-1.jpg 2048w\" sizes=\"(max-width: 300px) 100vw, 300px\" \/><\/p>\n<p>Nous sommes heureusement fiers d&#8217;annoncer notre b\u00e9n\u00e9vole du mois de juin 2023 : Luna Zhang ! Elle a travaill\u00e9 avec nous pendant quelques semaines dans le cadre d&#8217;un partenariat avec l&#8217;UQAM. Dans la photo, Luna Zhang (\u00e0 droite) avec notre directrice g\u00e9n\u00e9rale, Asha Dixit (\u00e0 gauche). Voici ce que Luna avait \u00e0 dire sur son exp\u00e9rience :<\/p>\n<p><em>&#8221; Je suis profond\u00e9ment honor\u00e9e et reconnaissante d&#8217;avoir eu l&#8217;opportunit\u00e9 de faire du b\u00e9n\u00e9volat avec MinibiblioPLUS depuis plus d&#8217;un mois. Travailler avec les enfants pendant &#8220;l&#8217;heure du conte&#8221; \u00e0 la maternelle locale a \u00e9t\u00e9 une exp\u00e9rience incroyablement enrichissante, et aider l&#8217;\u00e9quipe marketing au bureau a \u00e9t\u00e9 tout aussi gratifiant.\u00a0 J&#8217;aimerais \u00e9galement exprimer ma reconnaissance envers l&#8217;\u00e9quipe minibiblioPLUS pour leur accueil chaleureux et leur assistance. Leur travail d&#8217;\u00e9quipe et leur esprit collaboratif ont rendu mon exp\u00e9rience de b\u00e9n\u00e9volat \u00e0 la fois agr\u00e9able et \u00e9ducative. Cette reconnaissance me motive encore plus \u00e0 donner le meilleur de moi-m\u00eame et \u00e0 avoir un impact positif sur ma vie future. &#8220;<\/em><\/p>\n","protected":false},"excerpt":{"rendered":"<p>Nous sommes heureusement fiers d&#8217;annoncer notre b\u00e9n\u00e9vole du mois de juin 2023 : Luna Zhang ! Elle a travaill\u00e9 avec nous pendant quelques semaines dans le cadre d&#8217;un partenariat avec l&#8217;UQAM. Dans la photo, Luna Zhang (\u00e0 droite) avec notre directrice g\u00e9n\u00e9rale, Asha Dixit (\u00e0 gauche). Voici ce que Luna avait \u00e0 dire sur son exp\u00e9rience : &#8221; Je suis profond\u00e9ment honor\u00e9e et reconnaissante d&#8217;avoir eu l&#8217;opportunit\u00e9 de faire du b\u00e9n\u00e9volat avec MinibiblioPLUS depuis plus d&#8217;un mois. Travailler avec les&hellip;<\/p>\n","protected":false},"author":1,"featured_media":0,"comment_status":"open","ping_status":"open","sticky":false,"template":"","format":"standard","meta":{"om_disable_all_campaigns":false,"_monsterinsights_skip_tracking":false,"_monsterinsights_sitenote_active":false,"_monsterinsights_sitenote_note":"","_monsterinsights_sitenote_category":0},"categories":[44],"tags":[],"aioseo_notices":[],"_links":{"self":[{"href":"https:\/\/www.minibiblioplus.org\/index.php\/wp-json\/wp\/v2\/posts\/5379"}],"collection":[{"href":"https:\/\/www.minibiblioplus.org\/index.php\/wp-json\/wp\/v2\/posts"}],"about":[{"href":"https:\/\/www.minibiblioplus.org\/index.php\/wp-json\/wp\/v2\/types\/post"}],"author":[{"embeddable":true,"href":"https:\/\/www.minibiblioplus.org\/index.php\/wp-json\/wp\/v2\/users\/1"}],"replies":[{"embeddable":true,"href":"https:\/\/www.minibiblioplus.org\/index.php\/wp-json\/wp\/v2\/comments?post=5379"}],"version-history":[{"count":1,"href":"https:\/\/www.minibiblioplus.org\/index.php\/wp-json\/wp\/v2\/posts\/5379\/revisions"}],"predecessor-version":[{"id":5381,"href":"https:\/\/www.minibiblioplus.org\/index.php\/wp-json\/wp\/v2\/posts\/5379\/revisions\/5381"}],"wp:attachment":[{"href":"https:\/\/www.minibiblioplus.org\/index.php\/wp-json\/wp\/v2\/media?parent=5379"}],"wp:term":[{"taxonomy":"category","embeddable":true,"href":"https:\/\/www.minibiblioplus.org\/index.php\/wp-json\/wp\/v2\/categories?post=5379"},{"taxonomy":"post_tag","embeddable":true,"href":"https:\/\/www.minibiblioplus.org\/index.php\/wp-json\/wp\/v2\/tags?post=5379"}],"curies":[{"name":"wp","href":"https:\/\/api.w.org\/{rel}","templated":true}]}}