{"id":5418,"date":"2023-11-17T15:56:00","date_gmt":"2023-11-17T20:56:00","guid":{"rendered":"https:\/\/minibiblioplus.org\/?p=5418"},"modified":"2023-11-17T16:03:17","modified_gmt":"2023-11-17T21:03:17","slug":"livres-du-mois-novembre","status":"publish","type":"post","link":"https:\/\/www.minibiblioplus.org\/index.php\/2023\/11\/17\/livres-du-mois-novembre\/","title":{"rendered":"Livres du mois- novembre"},"content":{"rendered":"<p><a href=\"https:\/\/minibiblioplus.org\/wp-content\/uploads\/2023\/11\/livres-du-mois_novembre_-2023.pdf\"><img loading=\"lazy\" class=\"alignnone size-medium wp-image-5419\" src=\"https:\/\/minibiblioplus.org\/wp-content\/uploads\/2023\/11\/Book-of-the-month-3-300x300.jpg\" alt=\"\" width=\"300\" height=\"300\" srcset=\"https:\/\/www.minibiblioplus.org\/wp-content\/uploads\/2023\/11\/Book-of-the-month-3-300x300.jpg 300w, https:\/\/www.minibiblioplus.org\/wp-content\/uploads\/2023\/11\/Book-of-the-month-3-1024x1024.jpg 1024w, https:\/\/www.minibiblioplus.org\/wp-content\/uploads\/2023\/11\/Book-of-the-month-3-150x150.jpg 150w, https:\/\/www.minibiblioplus.org\/wp-content\/uploads\/2023\/11\/Book-of-the-month-3-768x768.jpg 768w, https:\/\/www.minibiblioplus.org\/wp-content\/uploads\/2023\/11\/Book-of-the-month-3-600x600.jpg 600w, https:\/\/www.minibiblioplus.org\/wp-content\/uploads\/2023\/11\/Book-of-the-month-3.jpg 1080w\" sizes=\"(max-width: 300px) 100vw, 300px\" \/><\/a><\/p>\n<p>Voici les livres du mois pour novembre dans le cadre de la journ\u00e9e mondiale de l&#8217;enfance et la grande semaine des tout-petits. Ces deux choix de livres sont vis\u00e9s particuli\u00e8rement pour les b\u00e9b\u00e9s, m\u00eame s&#8217;ils ne comprennent pas toujours ce que vous leur dites lorsque vous leur lisez, la lecture est un outil id\u00e9al pour leur bien-\u00eatre. Votre b\u00e9b\u00e9 n&#8217;est jamais trop petit pour les livres ! Cliquez sur l\u2019image pour acc\u00e9der \u00e0 nos ressources. Bonne lecture aux tout-petits !<\/p>\n","protected":false},"excerpt":{"rendered":"<p>Voici les livres du mois pour novembre dans le cadre de la journ\u00e9e mondiale de l&#8217;enfance et la grande semaine des tout-petits. Ces deux choix de livres sont vis\u00e9s particuli\u00e8rement pour les b\u00e9b\u00e9s, m\u00eame s&#8217;ils ne comprennent pas toujours ce que vous leur dites lorsque vous leur lisez, la lecture est un outil id\u00e9al pour leur bien-\u00eatre. Votre b\u00e9b\u00e9 n&#8217;est jamais trop petit pour les livres ! Cliquez sur l\u2019image pour acc\u00e9der \u00e0 nos ressources. Bonne lecture aux tout-petits !<\/p>\n","protected":false},"author":1,"featured_media":0,"comment_status":"open","ping_status":"open","sticky":false,"template":"","format":"standard","meta":{"om_disable_all_campaigns":false,"_monsterinsights_skip_tracking":false,"_monsterinsights_sitenote_active":false,"_monsterinsights_sitenote_note":"","_monsterinsights_sitenote_category":0},"categories":[89],"tags":[],"aioseo_notices":[],"_links":{"self":[{"href":"https:\/\/www.minibiblioplus.org\/index.php\/wp-json\/wp\/v2\/posts\/5418"}],"collection":[{"href":"https:\/\/www.minibiblioplus.org\/index.php\/wp-json\/wp\/v2\/posts"}],"about":[{"href":"https:\/\/www.minibiblioplus.org\/index.php\/wp-json\/wp\/v2\/types\/post"}],"author":[{"embeddable":true,"href":"https:\/\/www.minibiblioplus.org\/index.php\/wp-json\/wp\/v2\/users\/1"}],"replies":[{"embeddable":true,"href":"https:\/\/www.minibiblioplus.org\/index.php\/wp-json\/wp\/v2\/comments?post=5418"}],"version-history":[{"count":2,"href":"https:\/\/www.minibiblioplus.org\/index.php\/wp-json\/wp\/v2\/posts\/5418\/revisions"}],"predecessor-version":[{"id":5429,"href":"https:\/\/www.minibiblioplus.org\/index.php\/wp-json\/wp\/v2\/posts\/5418\/revisions\/5429"}],"wp:attachment":[{"href":"https:\/\/www.minibiblioplus.org\/index.php\/wp-json\/wp\/v2\/media?parent=5418"}],"wp:term":[{"taxonomy":"category","embeddable":true,"href":"https:\/\/www.minibiblioplus.org\/index.php\/wp-json\/wp\/v2\/categories?post=5418"},{"taxonomy":"post_tag","embeddable":true,"href":"https:\/\/www.minibiblioplus.org\/index.php\/wp-json\/wp\/v2\/tags?post=5418"}],"curies":[{"name":"wp","href":"https:\/\/api.w.org\/{rel}","templated":true}]}}