{"id":5449,"date":"2023-11-19T15:49:17","date_gmt":"2023-11-19T20:49:17","guid":{"rendered":"https:\/\/minibiblioplus.org\/?p=5449"},"modified":"2023-12-19T15:49:25","modified_gmt":"2023-12-19T20:49:25","slug":"benevole-du-mois-novembre-2023","status":"publish","type":"post","link":"https:\/\/www.minibiblioplus.org\/index.php\/2023\/11\/19\/benevole-du-mois-novembre-2023\/","title":{"rendered":"B\u00e9n\u00e9vole du mois- novembre 2023"},"content":{"rendered":"<p><img loading=\"lazy\" class=\"alignnone size-medium wp-image-5450\" src=\"https:\/\/minibiblioplus.org\/wp-content\/uploads\/2023\/12\/Untitled-design-16-1-300x300.png\" alt=\"\" width=\"300\" height=\"300\" srcset=\"https:\/\/www.minibiblioplus.org\/wp-content\/uploads\/2023\/12\/Untitled-design-16-1-300x300.png 300w, https:\/\/www.minibiblioplus.org\/wp-content\/uploads\/2023\/12\/Untitled-design-16-1-1024x1024.png 1024w, https:\/\/www.minibiblioplus.org\/wp-content\/uploads\/2023\/12\/Untitled-design-16-1-150x150.png 150w, https:\/\/www.minibiblioplus.org\/wp-content\/uploads\/2023\/12\/Untitled-design-16-1-768x768.png 768w, https:\/\/www.minibiblioplus.org\/wp-content\/uploads\/2023\/12\/Untitled-design-16-1-600x600.png 600w, https:\/\/www.minibiblioplus.org\/wp-content\/uploads\/2023\/12\/Untitled-design-16-1.png 1080w\" sizes=\"(max-width: 300px) 100vw, 300px\" \/><\/p>\n<h4><span style=\"color: #0000ff;\">Grethel Matthews<\/span><\/h4>\n<p>\ud83d\udc4f\ud83e\udd29 F\u00e9licitations \u00e0 notre nouvelle b\u00e9n\u00e9vole du mois de novembre, Grethel, qui fait l&#8217;animation de l&#8217;heure du conte depuis deux ans. Voici ce qu\u2019elle a \u00e0 dire sur son exp\u00e9rience de b\u00e9n\u00e9vole :<\/p>\n<p><em><span class=\"OYPEnA text-decoration-none text-strikethrough-none\">\u00ab&#8230;Gr\u00e2ce \u00e0 mon b\u00e9n\u00e9volat, je me rends vraiment compte de l&#8217;importance de l&#8217;alphab\u00e9tisation pr\u00e9coce dans notre soci\u00e9t\u00e9 et de la difficult\u00e9 qu&#8217;elle repr\u00e9sente encore pour de nombreuses familles.<\/span> <span class=\"OYPEnA text-decoration-none text-strikethrough-none\">Des programmes comme celui-ci sont TELLEMENT n\u00e9cessaires pour s&#8217;assurer que chaque enfant a acc\u00e8s \u00e0 des livres afin de d\u00e9velopper tout son potentiel d\u00e8s le plus jeune \u00e2ge&#8230;&#8221;\u00bb<\/span><\/em><\/p>\n","protected":false},"excerpt":{"rendered":"<p>Grethel Matthews \ud83d\udc4f\ud83e\udd29 F\u00e9licitations \u00e0 notre nouvelle b\u00e9n\u00e9vole du mois de novembre, Grethel, qui fait l&#8217;animation de l&#8217;heure du conte depuis deux ans. Voici ce qu\u2019elle a \u00e0 dire sur son exp\u00e9rience de b\u00e9n\u00e9vole : \u00ab&#8230;Gr\u00e2ce \u00e0 mon b\u00e9n\u00e9volat, je me rends vraiment compte de l&#8217;importance de l&#8217;alphab\u00e9tisation pr\u00e9coce dans notre soci\u00e9t\u00e9 et de la difficult\u00e9 qu&#8217;elle repr\u00e9sente encore pour de nombreuses familles. Des programmes comme celui-ci sont TELLEMENT n\u00e9cessaires pour s&#8217;assurer que chaque enfant a acc\u00e8s \u00e0 des livres&hellip;<\/p>\n","protected":false},"author":1,"featured_media":0,"comment_status":"open","ping_status":"open","sticky":false,"template":"","format":"standard","meta":{"om_disable_all_campaigns":false,"_monsterinsights_skip_tracking":false,"_monsterinsights_sitenote_active":false,"_monsterinsights_sitenote_note":"","_monsterinsights_sitenote_category":0},"categories":[44],"tags":[],"aioseo_notices":[],"_links":{"self":[{"href":"https:\/\/www.minibiblioplus.org\/index.php\/wp-json\/wp\/v2\/posts\/5449"}],"collection":[{"href":"https:\/\/www.minibiblioplus.org\/index.php\/wp-json\/wp\/v2\/posts"}],"about":[{"href":"https:\/\/www.minibiblioplus.org\/index.php\/wp-json\/wp\/v2\/types\/post"}],"author":[{"embeddable":true,"href":"https:\/\/www.minibiblioplus.org\/index.php\/wp-json\/wp\/v2\/users\/1"}],"replies":[{"embeddable":true,"href":"https:\/\/www.minibiblioplus.org\/index.php\/wp-json\/wp\/v2\/comments?post=5449"}],"version-history":[{"count":1,"href":"https:\/\/www.minibiblioplus.org\/index.php\/wp-json\/wp\/v2\/posts\/5449\/revisions"}],"predecessor-version":[{"id":5452,"href":"https:\/\/www.minibiblioplus.org\/index.php\/wp-json\/wp\/v2\/posts\/5449\/revisions\/5452"}],"wp:attachment":[{"href":"https:\/\/www.minibiblioplus.org\/index.php\/wp-json\/wp\/v2\/media?parent=5449"}],"wp:term":[{"taxonomy":"category","embeddable":true,"href":"https:\/\/www.minibiblioplus.org\/index.php\/wp-json\/wp\/v2\/categories?post=5449"},{"taxonomy":"post_tag","embeddable":true,"href":"https:\/\/www.minibiblioplus.org\/index.php\/wp-json\/wp\/v2\/tags?post=5449"}],"curies":[{"name":"wp","href":"https:\/\/api.w.org\/{rel}","templated":true}]}}