{"id":5453,"date":"2023-12-19T15:52:19","date_gmt":"2023-12-19T20:52:19","guid":{"rendered":"https:\/\/minibiblioplus.org\/?p=5453"},"modified":"2023-12-19T15:52:19","modified_gmt":"2023-12-19T20:52:19","slug":"benevole-du-mois-decembre-2023","status":"publish","type":"post","link":"https:\/\/www.minibiblioplus.org\/index.php\/2023\/12\/19\/benevole-du-mois-decembre-2023\/","title":{"rendered":"B\u00e9n\u00e9vole du mois- d\u00e9cembre 2023"},"content":{"rendered":"<p><img loading=\"lazy\" class=\"alignnone size-medium wp-image-5451\" src=\"https:\/\/minibiblioplus.org\/wp-content\/uploads\/2023\/12\/Kassia-at-Garderie-Sesame-2023-1-300x225.jpg\" alt=\"\" width=\"300\" height=\"225\" srcset=\"https:\/\/www.minibiblioplus.org\/wp-content\/uploads\/2023\/12\/Kassia-at-Garderie-Sesame-2023-1-300x225.jpg 300w, https:\/\/www.minibiblioplus.org\/wp-content\/uploads\/2023\/12\/Kassia-at-Garderie-Sesame-2023-1-1024x768.jpg 1024w, https:\/\/www.minibiblioplus.org\/wp-content\/uploads\/2023\/12\/Kassia-at-Garderie-Sesame-2023-1-768x576.jpg 768w, https:\/\/www.minibiblioplus.org\/wp-content\/uploads\/2023\/12\/Kassia-at-Garderie-Sesame-2023-1-1536x1151.jpg 1536w, https:\/\/www.minibiblioplus.org\/wp-content\/uploads\/2023\/12\/Kassia-at-Garderie-Sesame-2023-1-2048x1535.jpg 2048w\" sizes=\"(max-width: 300px) 100vw, 300px\" \/><\/p>\n<h3><span style=\"color: #0000ff;\">Kassia Neckles<\/span><\/h3>\n<p>\ud83d\udc4f\ud83e\udd29 F\u00e9licitations \u00e0 notre derni\u00e8re b\u00e9n\u00e9vole du mois pour 2023, Kassia, qui fait l&#8217;animation de l&#8217;heure du conte et qui apporte une aide pr\u00e9cieuse \u00e0 notre biblioth\u00e8que. Voici ce qu\u2019elle a \u00e0 dire sur son exp\u00e9rience de b\u00e9n\u00e9vole :<\/p>\n<p><em><span class=\"OYPEnA text-decoration-none text-strikethrough-none\">\u00ab En tant que biblioth\u00e9caire en formation, je suis tout \u00e0 fait d&#8217;accord avec la mission du minibiblioPLUS. L\u2019heure du conte a \u00e9t\u00e9 l&#8217;une des exp\u00e9riences les plus enrichissantes de ma vie &#8211; la joie pure que j&#8217;ai ressentie en lisant aux enfants et en voyant l&#8217;enthousiasme avec lequel ils s&#8217;engageaient dans les textes. Cette exp\u00e9rience a renforc\u00e9 ma volont\u00e9 de promouvoir l&#8217;alphab\u00e9tisation. Elle m&#8217;a \u00e9galement permis d&#8217;acqu\u00e9rir les comp\u00e9tences n\u00e9cessaires pour continuer \u00e0 le faire. \u00bb<\/span><\/em><\/p>\n","protected":false},"excerpt":{"rendered":"<p>Kassia Neckles \ud83d\udc4f\ud83e\udd29 F\u00e9licitations \u00e0 notre derni\u00e8re b\u00e9n\u00e9vole du mois pour 2023, Kassia, qui fait l&#8217;animation de l&#8217;heure du conte et qui apporte une aide pr\u00e9cieuse \u00e0 notre biblioth\u00e8que. Voici ce qu\u2019elle a \u00e0 dire sur son exp\u00e9rience de b\u00e9n\u00e9vole : \u00ab En tant que biblioth\u00e9caire en formation, je suis tout \u00e0 fait d&#8217;accord avec la mission du minibiblioPLUS. L\u2019heure du conte a \u00e9t\u00e9 l&#8217;une des exp\u00e9riences les plus enrichissantes de ma vie &#8211; la joie pure que j&#8217;ai ressentie&hellip;<\/p>\n","protected":false},"author":1,"featured_media":0,"comment_status":"open","ping_status":"open","sticky":false,"template":"","format":"standard","meta":{"om_disable_all_campaigns":false,"_monsterinsights_skip_tracking":false,"_monsterinsights_sitenote_active":false,"_monsterinsights_sitenote_note":"","_monsterinsights_sitenote_category":0},"categories":[44],"tags":[],"aioseo_notices":[],"_links":{"self":[{"href":"https:\/\/www.minibiblioplus.org\/index.php\/wp-json\/wp\/v2\/posts\/5453"}],"collection":[{"href":"https:\/\/www.minibiblioplus.org\/index.php\/wp-json\/wp\/v2\/posts"}],"about":[{"href":"https:\/\/www.minibiblioplus.org\/index.php\/wp-json\/wp\/v2\/types\/post"}],"author":[{"embeddable":true,"href":"https:\/\/www.minibiblioplus.org\/index.php\/wp-json\/wp\/v2\/users\/1"}],"replies":[{"embeddable":true,"href":"https:\/\/www.minibiblioplus.org\/index.php\/wp-json\/wp\/v2\/comments?post=5453"}],"version-history":[{"count":1,"href":"https:\/\/www.minibiblioplus.org\/index.php\/wp-json\/wp\/v2\/posts\/5453\/revisions"}],"predecessor-version":[{"id":5454,"href":"https:\/\/www.minibiblioplus.org\/index.php\/wp-json\/wp\/v2\/posts\/5453\/revisions\/5454"}],"wp:attachment":[{"href":"https:\/\/www.minibiblioplus.org\/index.php\/wp-json\/wp\/v2\/media?parent=5453"}],"wp:term":[{"taxonomy":"category","embeddable":true,"href":"https:\/\/www.minibiblioplus.org\/index.php\/wp-json\/wp\/v2\/categories?post=5453"},{"taxonomy":"post_tag","embeddable":true,"href":"https:\/\/www.minibiblioplus.org\/index.php\/wp-json\/wp\/v2\/tags?post=5453"}],"curies":[{"name":"wp","href":"https:\/\/api.w.org\/{rel}","templated":true}]}}