{"id":5512,"date":"2024-02-01T14:36:31","date_gmt":"2024-02-01T19:36:31","guid":{"rendered":"https:\/\/minibiblioplus.org\/?p=5512"},"modified":"2024-02-01T14:56:24","modified_gmt":"2024-02-01T19:56:24","slug":"semaine-de-lalphabetisation-familiale-21-28-janvier-2024","status":"publish","type":"post","link":"https:\/\/www.minibiblioplus.org\/index.php\/2024\/02\/01\/semaine-de-lalphabetisation-familiale-21-28-janvier-2024\/","title":{"rendered":"Semaine de l&#8217;alphab\u00e9tisation familiale &#8211;  21-28 janvier, 2024"},"content":{"rendered":"<p><img loading=\"lazy\" class=\"alignnone size-medium wp-image-5509\" src=\"https:\/\/minibiblioplus.org\/wp-content\/uploads\/2024\/02\/Untitled-design-10-2-300x300.jpg\" alt=\"\" width=\"300\" height=\"300\" srcset=\"https:\/\/www.minibiblioplus.org\/wp-content\/uploads\/2024\/02\/Untitled-design-10-2-300x300.jpg 300w, https:\/\/www.minibiblioplus.org\/wp-content\/uploads\/2024\/02\/Untitled-design-10-2-1024x1024.jpg 1024w, https:\/\/www.minibiblioplus.org\/wp-content\/uploads\/2024\/02\/Untitled-design-10-2-150x150.jpg 150w, https:\/\/www.minibiblioplus.org\/wp-content\/uploads\/2024\/02\/Untitled-design-10-2-768x768.jpg 768w, https:\/\/www.minibiblioplus.org\/wp-content\/uploads\/2024\/02\/Untitled-design-10-2-600x600.jpg 600w, https:\/\/www.minibiblioplus.org\/wp-content\/uploads\/2024\/02\/Untitled-design-10-2.jpg 1080w\" sizes=\"(max-width: 300px) 100vw, 300px\" \/><\/p>\n<p>Asha Dixit (DG) a particip\u00e9 \u00e0 une r\u00e9union scientifique en p\u00e9diatrie avec l&#8217;H\u00f4pital de Montr\u00e9al pour enfants afin de promouvoir l&#8217;alphab\u00e9tisation pr\u00e9coce. Elle a contribu\u00e9 \u00e0 une discussion anim\u00e9e et a r\u00e9it\u00e9r\u00e9 l&#8217;importance pour les parents de lire \u00e0 leurs enfants d\u00e8s la naissance, ce qui est b\u00e9n\u00e9fique pour leur bien-\u00eatre globale. F\u00e9licitations \u00e0 Lire\/Imagine\/Read pour le succ\u00e8s de la c\u00e9l\u00e9bration de la Journ\u00e9e de l&#8217;alphab\u00e9tisation familiale.<\/p>\n<p><img loading=\"lazy\" class=\"alignnone size-medium wp-image-5510\" src=\"https:\/\/minibiblioplus.org\/wp-content\/uploads\/2024\/02\/2-300x300.jpg\" alt=\"\" width=\"300\" height=\"300\" srcset=\"https:\/\/www.minibiblioplus.org\/wp-content\/uploads\/2024\/02\/2-300x300.jpg 300w, https:\/\/www.minibiblioplus.org\/wp-content\/uploads\/2024\/02\/2-1024x1024.jpg 1024w, https:\/\/www.minibiblioplus.org\/wp-content\/uploads\/2024\/02\/2-150x150.jpg 150w, https:\/\/www.minibiblioplus.org\/wp-content\/uploads\/2024\/02\/2-768x768.jpg 768w, https:\/\/www.minibiblioplus.org\/wp-content\/uploads\/2024\/02\/2-600x600.jpg 600w, https:\/\/www.minibiblioplus.org\/wp-content\/uploads\/2024\/02\/2.jpg 1080w\" sizes=\"(max-width: 300px) 100vw, 300px\" \/><\/p>\n<p>De plus, une merveilleuse heure du conte c\u00e9l\u00e9brant la semaine de l&#8217;alphab\u00e9tisation familiale avec notre partenaire, <a class=\"x1i10hfl xjbqb8w x1ejq31n xd10rxx x1sy0etr x17r0tee x972fbf xcfux6l x1qhh985 xm0m39n x9f619 x1ypdohk xt0psk2 xe8uvvx xdj266r x11i5rnm xat24cr x1mh8g0r xexx8yu x4uap5 x18d9i69 xkhd6sd x16tdsg8 x1hl2dhg xggy1nq x1a2a7pz xt0b8zv x1fey0fg xo1l8bm\" tabindex=\"0\" role=\"link\" href=\"https:\/\/www.facebook.com\/riversedgedaycare?__cft__[0]=AZXkYGhys_62zW7b-p2cK8HFOCiqVvhUBM0gwRSboDeCDtl7ZZV3ikYpBn2ImV56JrXTqhHskvp3zyIiRfBcLxrvpRqN9tnN9wl1ANnzurY_vNCQ5EhBTLafQKAl8iYRKMzKZw_y1VTgEF2BjaLNTu2yvhgj_Pf6i_GBmKJF7KbZeAwhDuRsxEhHfxD0xH9ihAc&amp;__tn__=-]K-R\"><span class=\"xt0psk2\">Garderie River&#8217;s Edge Daycare<\/span><\/a>. Merci de nous avoir accueillis.<\/p>\n","protected":false},"excerpt":{"rendered":"<p>Asha Dixit (DG) a particip\u00e9 \u00e0 une r\u00e9union scientifique en p\u00e9diatrie avec l&#8217;H\u00f4pital de Montr\u00e9al pour enfants afin de promouvoir l&#8217;alphab\u00e9tisation pr\u00e9coce. Elle a contribu\u00e9 \u00e0 une discussion anim\u00e9e et a r\u00e9it\u00e9r\u00e9 l&#8217;importance pour les parents de lire \u00e0 leurs enfants d\u00e8s la naissance, ce qui est b\u00e9n\u00e9fique pour leur bien-\u00eatre globale. F\u00e9licitations \u00e0 Lire\/Imagine\/Read pour le succ\u00e8s de la c\u00e9l\u00e9bration de la Journ\u00e9e de l&#8217;alphab\u00e9tisation familiale. De plus, une merveilleuse heure du conte c\u00e9l\u00e9brant la semaine de l&#8217;alphab\u00e9tisation familiale&hellip;<\/p>\n","protected":false},"author":1,"featured_media":0,"comment_status":"open","ping_status":"open","sticky":false,"template":"","format":"standard","meta":{"om_disable_all_campaigns":false,"_monsterinsights_skip_tracking":false,"_monsterinsights_sitenote_active":false,"_monsterinsights_sitenote_note":"","_monsterinsights_sitenote_category":0},"categories":[51],"tags":[],"aioseo_notices":[],"_links":{"self":[{"href":"https:\/\/www.minibiblioplus.org\/index.php\/wp-json\/wp\/v2\/posts\/5512"}],"collection":[{"href":"https:\/\/www.minibiblioplus.org\/index.php\/wp-json\/wp\/v2\/posts"}],"about":[{"href":"https:\/\/www.minibiblioplus.org\/index.php\/wp-json\/wp\/v2\/types\/post"}],"author":[{"embeddable":true,"href":"https:\/\/www.minibiblioplus.org\/index.php\/wp-json\/wp\/v2\/users\/1"}],"replies":[{"embeddable":true,"href":"https:\/\/www.minibiblioplus.org\/index.php\/wp-json\/wp\/v2\/comments?post=5512"}],"version-history":[{"count":1,"href":"https:\/\/www.minibiblioplus.org\/index.php\/wp-json\/wp\/v2\/posts\/5512\/revisions"}],"predecessor-version":[{"id":5513,"href":"https:\/\/www.minibiblioplus.org\/index.php\/wp-json\/wp\/v2\/posts\/5512\/revisions\/5513"}],"wp:attachment":[{"href":"https:\/\/www.minibiblioplus.org\/index.php\/wp-json\/wp\/v2\/media?parent=5512"}],"wp:term":[{"taxonomy":"category","embeddable":true,"href":"https:\/\/www.minibiblioplus.org\/index.php\/wp-json\/wp\/v2\/categories?post=5512"},{"taxonomy":"post_tag","embeddable":true,"href":"https:\/\/www.minibiblioplus.org\/index.php\/wp-json\/wp\/v2\/tags?post=5512"}],"curies":[{"name":"wp","href":"https:\/\/api.w.org\/{rel}","templated":true}]}}