{"id":5628,"date":"2024-02-28T12:48:38","date_gmt":"2024-02-28T17:48:38","guid":{"rendered":"https:\/\/minibiblioplus.org\/?p=5628"},"modified":"2024-02-28T12:48:38","modified_gmt":"2024-02-28T17:48:38","slug":"benevole-du-mois-fevrier-2024","status":"publish","type":"post","link":"https:\/\/www.minibiblioplus.org\/index.php\/2024\/02\/28\/benevole-du-mois-fevrier-2024\/","title":{"rendered":"B\u00e9n\u00e9vole du mois- f\u00e9vrier 2024"},"content":{"rendered":"<p><img loading=\"lazy\" class=\"alignnone size-medium wp-image-5629\" src=\"https:\/\/minibiblioplus.org\/wp-content\/uploads\/2024\/02\/Ursula-VOM-Feb-2024-1-225x300.jpg\" alt=\"\" width=\"225\" height=\"300\" srcset=\"https:\/\/www.minibiblioplus.org\/wp-content\/uploads\/2024\/02\/Ursula-VOM-Feb-2024-1-225x300.jpg 225w, https:\/\/www.minibiblioplus.org\/wp-content\/uploads\/2024\/02\/Ursula-VOM-Feb-2024-1-768x1024.jpg 768w, https:\/\/www.minibiblioplus.org\/wp-content\/uploads\/2024\/02\/Ursula-VOM-Feb-2024-1-1152x1536.jpg 1152w, https:\/\/www.minibiblioplus.org\/wp-content\/uploads\/2024\/02\/Ursula-VOM-Feb-2024-1-rotated.jpg 1512w\" sizes=\"(max-width: 225px) 100vw, 225px\" \/><\/p>\n<h3><span style=\"color: #0000ff;\">Ursula Voss<\/span><\/h3>\n<p><span class=\"x3nfvp2 x1j61x8r x1fcty0u xdj266r xhhsvwb xat24cr xgzva0m xxymvpz xlup9mm x1kky2od\"><img loading=\"lazy\" class=\"xz74otr\" src=\"https:\/\/static.xx.fbcdn.net\/images\/emoji.php\/v9\/t13\/1.5\/16\/1f4e3.png\" alt=\"\ud83d\udce3\" width=\"16\" height=\"16\" \/><\/span><span class=\"x3nfvp2 x1j61x8r x1fcty0u xdj266r xhhsvwb xat24cr xgzva0m xxymvpz xlup9mm x1kky2od\"><img loading=\"lazy\" class=\"xz74otr\" src=\"https:\/\/static.xx.fbcdn.net\/images\/emoji.php\/v9\/tb1\/1.5\/16\/1f929.png\" alt=\"\ud83e\udd29\" width=\"16\" height=\"16\" \/> <\/span>Nous sommes ravis d\u2019annoncer notre b\u00e9n\u00e9vole du mois &#8211; Ursula Voss ! Nous sommes reconnaissants pour ses animations hebdomadaires \u00e0 l\u2019heure du conte\u00a0 depuis septembre 2023. Les enfants adorent toujours ses sessions et ses choix d&#8217;histoires ! Voici un t\u00e9moignage de sa part :<\/p>\n<p><em>\u00ab Sans aucun doute, les meilleurs moments de la lecture aux petits c\u2019est lorsque leur attention est captiv\u00e9e, lorsque je vois leurs petits yeux pleinement engag\u00e9s dans l&#8217;histoire et impatients d&#8217;en d\u00e9couvrir la fin. Et lorsque l&#8217;histoire est termin\u00e9e, ils tendent la main et veulent tenir le livre, tourner soigneusement les pages et revoir les images. Je suis ravie de pouvoir promouvoir l&#8217;alphab\u00e9tisation avec minibiblioPLUS. C\u2019est une institution tr\u00e8s importante et doit \u00eatre soutenue ! <span class=\"OYPEnA text-decoration-none text-strikethrough-none\">\u00bb<\/span><\/em><\/p>\n","protected":false},"excerpt":{"rendered":"<p>Ursula Voss Nous sommes ravis d\u2019annoncer notre b\u00e9n\u00e9vole du mois &#8211; Ursula Voss ! Nous sommes reconnaissants pour ses animations hebdomadaires \u00e0 l\u2019heure du conte\u00a0 depuis septembre 2023. Les enfants adorent toujours ses sessions et ses choix d&#8217;histoires ! Voici un t\u00e9moignage de sa part : \u00ab Sans aucun doute, les meilleurs moments de la lecture aux petits c\u2019est lorsque leur attention est captiv\u00e9e, lorsque je vois leurs petits yeux pleinement engag\u00e9s dans l&#8217;histoire et impatients d&#8217;en d\u00e9couvrir la fin.&hellip;<\/p>\n","protected":false},"author":1,"featured_media":0,"comment_status":"open","ping_status":"open","sticky":false,"template":"","format":"standard","meta":{"om_disable_all_campaigns":false,"_monsterinsights_skip_tracking":false,"_monsterinsights_sitenote_active":false,"_monsterinsights_sitenote_note":"","_monsterinsights_sitenote_category":0},"categories":[44],"tags":[],"aioseo_notices":[],"_links":{"self":[{"href":"https:\/\/www.minibiblioplus.org\/index.php\/wp-json\/wp\/v2\/posts\/5628"}],"collection":[{"href":"https:\/\/www.minibiblioplus.org\/index.php\/wp-json\/wp\/v2\/posts"}],"about":[{"href":"https:\/\/www.minibiblioplus.org\/index.php\/wp-json\/wp\/v2\/types\/post"}],"author":[{"embeddable":true,"href":"https:\/\/www.minibiblioplus.org\/index.php\/wp-json\/wp\/v2\/users\/1"}],"replies":[{"embeddable":true,"href":"https:\/\/www.minibiblioplus.org\/index.php\/wp-json\/wp\/v2\/comments?post=5628"}],"version-history":[{"count":1,"href":"https:\/\/www.minibiblioplus.org\/index.php\/wp-json\/wp\/v2\/posts\/5628\/revisions"}],"predecessor-version":[{"id":5630,"href":"https:\/\/www.minibiblioplus.org\/index.php\/wp-json\/wp\/v2\/posts\/5628\/revisions\/5630"}],"wp:attachment":[{"href":"https:\/\/www.minibiblioplus.org\/index.php\/wp-json\/wp\/v2\/media?parent=5628"}],"wp:term":[{"taxonomy":"category","embeddable":true,"href":"https:\/\/www.minibiblioplus.org\/index.php\/wp-json\/wp\/v2\/categories?post=5628"},{"taxonomy":"post_tag","embeddable":true,"href":"https:\/\/www.minibiblioplus.org\/index.php\/wp-json\/wp\/v2\/tags?post=5628"}],"curies":[{"name":"wp","href":"https:\/\/api.w.org\/{rel}","templated":true}]}}