{"id":5788,"date":"2024-05-30T15:25:13","date_gmt":"2024-05-30T19:25:13","guid":{"rendered":"https:\/\/www.minibiblioplus.org\/?p=5788"},"modified":"2024-05-30T15:25:13","modified_gmt":"2024-05-30T19:25:13","slug":"benevole-du-moi-mai-2024","status":"publish","type":"post","link":"https:\/\/www.minibiblioplus.org\/index.php\/2024\/05\/30\/benevole-du-moi-mai-2024\/","title":{"rendered":"B\u00e9n\u00e9vole du moi- mai 2024"},"content":{"rendered":"<p><img loading=\"lazy\" class=\"alignnone size-medium wp-image-5789\" src=\"https:\/\/www.minibiblioplus.org\/wp-content\/uploads\/2024\/05\/Isabel-Shaw_VOM-May-2024-1-283x300.jpeg\" alt=\"\" width=\"283\" height=\"300\" srcset=\"https:\/\/www.minibiblioplus.org\/wp-content\/uploads\/2024\/05\/Isabel-Shaw_VOM-May-2024-1-283x300.jpeg 283w, https:\/\/www.minibiblioplus.org\/wp-content\/uploads\/2024\/05\/Isabel-Shaw_VOM-May-2024-1-965x1024.jpeg 965w, https:\/\/www.minibiblioplus.org\/wp-content\/uploads\/2024\/05\/Isabel-Shaw_VOM-May-2024-1-768x815.jpeg 768w, https:\/\/www.minibiblioplus.org\/wp-content\/uploads\/2024\/05\/Isabel-Shaw_VOM-May-2024-1-1447x1536.jpeg 1447w, https:\/\/www.minibiblioplus.org\/wp-content\/uploads\/2024\/05\/Isabel-Shaw_VOM-May-2024-1.jpeg 1836w\" sizes=\"(max-width: 283px) 100vw, 283px\" \/><\/p>\n<h3><span style=\"color: #0000ff;\">Isabel Shaw<\/span><\/h3>\n<p><span class=\"x3nfvp2 x1j61x8r x1fcty0u xdj266r xhhsvwb xat24cr xgzva0m xxymvpz xlup9mm x1kky2od\"><img loading=\"lazy\" class=\"xz74otr\" src=\"https:\/\/static.xx.fbcdn.net\/images\/emoji.php\/v9\/t13\/1.5\/16\/1f4e3.png\" alt=\"\ud83d\udce3\" width=\"16\" height=\"16\" \/><\/span><span class=\"x3nfvp2 x1j61x8r x1fcty0u xdj266r xhhsvwb xat24cr xgzva0m xxymvpz xlup9mm x1kky2od\"><img loading=\"lazy\" class=\"xz74otr\" src=\"https:\/\/static.xx.fbcdn.net\/images\/emoji.php\/v9\/tb1\/1.5\/16\/1f929.png\" alt=\"\ud83e\udd29\" width=\"16\" height=\"16\" \/>\u00a0<\/span>Nous sommes ravis d\u2019annoncer notre b\u00e9n\u00e9vole du mois \u2013 Isabel Shaw ! Nous sommes reconnaissants pour ses heures de b\u00e9n\u00e9volat dans notre biblioth\u00e9que. Voici un t\u00e9moignage de sa part :<\/p>\n<p><em>&#8220;Chaque fois que je traite un nouveau livre, je me mets \u00e0 la place d&#8217;un enfant et j&#8217;essaie d&#8217;imaginer quels \u00e9l\u00e9ments de cette histoire pourraient captiver mon imagination. Serait-elle dr\u00f4le ? Un animateur de l&#8217;heure du conte serait-il capable de montrer les images ? Un enfant de cinq ans reconna\u00eetrait-il ce personnage ? Travaillant \u00e0 la biblioth\u00e8que, je vois tous les livres qui entrent et sortent pour rejoindre les enfants de la communaut\u00e9. Au-del\u00e0 des d\u00e9fis amusants que repr\u00e9sente le catalogage des nouveaux livres, je suis tout simplement heureuse de participer \u00e0 ce projet. Cette biblioth\u00e8que unique offre tellement aux enfants avec les heures du conte, locales et virtuelles, et les programmes de pr\u00eat gratuit aux partnenaires. L&#8217;une des choses que je pr\u00e9f\u00e8re le plus, c&#8217;est de voir les histoires et les personnages que j&#8217;ai connus lorsque j&#8217;\u00e9tais enfant sortir et revenir avec de nouveaux plis sur leurs pages.&#8221;<\/em><\/p>\n<p>&nbsp;<\/p>\n","protected":false},"excerpt":{"rendered":"<p>Isabel Shaw \u00a0Nous sommes ravis d\u2019annoncer notre b\u00e9n\u00e9vole du mois \u2013 Isabel Shaw ! Nous sommes reconnaissants pour ses heures de b\u00e9n\u00e9volat dans notre biblioth\u00e9que. Voici un t\u00e9moignage de sa part : &#8220;Chaque fois que je traite un nouveau livre, je me mets \u00e0 la place d&#8217;un enfant et j&#8217;essaie d&#8217;imaginer quels \u00e9l\u00e9ments de cette histoire pourraient captiver mon imagination. Serait-elle dr\u00f4le ? Un animateur de l&#8217;heure du conte serait-il capable de montrer les images ? Un enfant de cinq&hellip;<\/p>\n","protected":false},"author":1,"featured_media":0,"comment_status":"open","ping_status":"open","sticky":false,"template":"","format":"standard","meta":{"om_disable_all_campaigns":false,"_monsterinsights_skip_tracking":false,"_monsterinsights_sitenote_active":false,"_monsterinsights_sitenote_note":"","_monsterinsights_sitenote_category":0},"categories":[44],"tags":[],"aioseo_notices":[],"_links":{"self":[{"href":"https:\/\/www.minibiblioplus.org\/index.php\/wp-json\/wp\/v2\/posts\/5788"}],"collection":[{"href":"https:\/\/www.minibiblioplus.org\/index.php\/wp-json\/wp\/v2\/posts"}],"about":[{"href":"https:\/\/www.minibiblioplus.org\/index.php\/wp-json\/wp\/v2\/types\/post"}],"author":[{"embeddable":true,"href":"https:\/\/www.minibiblioplus.org\/index.php\/wp-json\/wp\/v2\/users\/1"}],"replies":[{"embeddable":true,"href":"https:\/\/www.minibiblioplus.org\/index.php\/wp-json\/wp\/v2\/comments?post=5788"}],"version-history":[{"count":1,"href":"https:\/\/www.minibiblioplus.org\/index.php\/wp-json\/wp\/v2\/posts\/5788\/revisions"}],"predecessor-version":[{"id":5790,"href":"https:\/\/www.minibiblioplus.org\/index.php\/wp-json\/wp\/v2\/posts\/5788\/revisions\/5790"}],"wp:attachment":[{"href":"https:\/\/www.minibiblioplus.org\/index.php\/wp-json\/wp\/v2\/media?parent=5788"}],"wp:term":[{"taxonomy":"category","embeddable":true,"href":"https:\/\/www.minibiblioplus.org\/index.php\/wp-json\/wp\/v2\/categories?post=5788"},{"taxonomy":"post_tag","embeddable":true,"href":"https:\/\/www.minibiblioplus.org\/index.php\/wp-json\/wp\/v2\/tags?post=5788"}],"curies":[{"name":"wp","href":"https:\/\/api.w.org\/{rel}","templated":true}]}}