{"id":5803,"date":"2024-06-25T15:36:16","date_gmt":"2024-06-25T19:36:16","guid":{"rendered":"https:\/\/www.minibiblioplus.org\/?p=5803"},"modified":"2024-07-26T11:30:49","modified_gmt":"2024-07-26T15:30:49","slug":"benevole-du-mois-juin-2024","status":"publish","type":"post","link":"https:\/\/www.minibiblioplus.org\/index.php\/2024\/06\/25\/benevole-du-mois-juin-2024\/","title":{"rendered":"B\u00e9n\u00e9vole du mois- juin 2024"},"content":{"rendered":"<p><img loading=\"lazy\" class=\"alignnone size-medium wp-image-5804\" src=\"https:\/\/www.minibiblioplus.org\/wp-content\/uploads\/2024\/06\/Guillaume-Nyssens-300x235.png\" alt=\"\" width=\"300\" height=\"235\" srcset=\"https:\/\/www.minibiblioplus.org\/wp-content\/uploads\/2024\/06\/Guillaume-Nyssens-300x235.png 300w, https:\/\/www.minibiblioplus.org\/wp-content\/uploads\/2024\/06\/Guillaume-Nyssens-1024x803.png 1024w, https:\/\/www.minibiblioplus.org\/wp-content\/uploads\/2024\/06\/Guillaume-Nyssens-768x602.png 768w, https:\/\/www.minibiblioplus.org\/wp-content\/uploads\/2024\/06\/Guillaume-Nyssens.png 1069w\" sizes=\"(max-width: 300px) 100vw, 300px\" \/><\/p>\n<h3><span style=\"color: #3366ff;\">Guillaume Nyssens<\/span><\/h3>\n<p><span class=\"x3nfvp2 x1j61x8r x1fcty0u xdj266r xhhsvwb xat24cr xgzva0m xxymvpz xlup9mm x1kky2od\"><img loading=\"lazy\" class=\"xz74otr\" src=\"https:\/\/static.xx.fbcdn.net\/images\/emoji.php\/v9\/t57\/1.5\/16\/1f44f.png\" alt=\"\ud83d\udc4f\" width=\"16\" height=\"16\" \/><\/span><span class=\"x3nfvp2 x1j61x8r x1fcty0u xdj266r xhhsvwb xat24cr xgzva0m xxymvpz xlup9mm x1kky2od\"><img loading=\"lazy\" class=\"xz74otr\" src=\"https:\/\/static.xx.fbcdn.net\/images\/emoji.php\/v9\/tb1\/1.5\/16\/1f929.png\" alt=\"\ud83e\udd29\" width=\"16\" height=\"16\" \/>\u00a0<\/span>Nous vous pr\u00e9sentons notre nouveau b\u00e9n\u00e9vole du mois pour juin, Guillaume Nyssens. F\u00e9licitations et merci pour votre b\u00e9n\u00e9volat en tant qu\u2019animateur de l\u2019heure du conte. Voici ce que Guillaume a \u00e0 dire sur son exp\u00e9rience:<\/p>\n<p>&#8220;<em>Et si le but de la vie \u00e9tait de servir ? En changeant d&#8217;environnement, j&#8217;avais envie de m&#8217;investir localement. C&#8217;est avec cet \u00e9tat d&#8217;esprit que j&#8217;ai r\u00e9pondu \u00e0 l&#8217;appel de minibiblioPLUS, pour partager l&#8217;amour des livres avec les enfants. <\/em><em>J&#8217;ai toujours aim\u00e9 lire, et l&#8217;id\u00e9e de transmettre cette passion m&#8217;a tout de suite emball\u00e9. Apr\u00e8s une formation, j&#8217;ai rejoint une \u00e9quipe formidable, d\u00e9vou\u00e9e \u00e0 l&#8217;\u00e9veil des tout-petits aux jeunes lecteurs.<\/em><\/p>\n<p><em>A une \u00e9poque o\u00f9 les \u00e9crans prennent une place croissante, il est essentiel de rappeler que les livres restent un formidable moyen de partager des moments uniques. Chaque s\u00e9ance est une bulle de joie et de d\u00e9couverte. L&#8217;impact sur les enfants est difficile \u00e0 mesurer, mais certains cr\u00e9ent des liens pr\u00e9cieux, d&#8217;autres prennent plus de temps. <\/em><em>Pour moi, c&#8217;est avant tout l&#8217;occasion d&#8217;\u00eatre l\u00e0 pour eux, de leur transmettre des valeurs et des r\u00eaves \u00e0 travers les histoires. Voir leurs yeux briller lorsqu&#8217;ils \u00e9coutent livre, c&#8217;est la plus belle des r\u00e9compenses. Surtout lorsque l&#8217;on est soutenu par une belle \u00e9quipe humaine et solidaire !&#8221;<\/em><\/p>\n","protected":false},"excerpt":{"rendered":"<p>Guillaume Nyssens \u00a0Nous vous pr\u00e9sentons notre nouveau b\u00e9n\u00e9vole du mois pour juin, Guillaume Nyssens. F\u00e9licitations et merci pour votre b\u00e9n\u00e9volat en tant qu\u2019animateur de l\u2019heure du conte. Voici ce que Guillaume a \u00e0 dire sur son exp\u00e9rience: &#8220;Et si le but de la vie \u00e9tait de servir ? En changeant d&#8217;environnement, j&#8217;avais envie de m&#8217;investir localement. C&#8217;est avec cet \u00e9tat d&#8217;esprit que j&#8217;ai r\u00e9pondu \u00e0 l&#8217;appel de minibiblioPLUS, pour partager l&#8217;amour des livres avec les enfants. J&#8217;ai toujours aim\u00e9 lire,&hellip;<\/p>\n","protected":false},"author":1,"featured_media":0,"comment_status":"open","ping_status":"open","sticky":false,"template":"","format":"standard","meta":{"om_disable_all_campaigns":false,"_monsterinsights_skip_tracking":false,"_monsterinsights_sitenote_active":false,"_monsterinsights_sitenote_note":"","_monsterinsights_sitenote_category":0},"categories":[44],"tags":[],"aioseo_notices":[],"_links":{"self":[{"href":"https:\/\/www.minibiblioplus.org\/index.php\/wp-json\/wp\/v2\/posts\/5803"}],"collection":[{"href":"https:\/\/www.minibiblioplus.org\/index.php\/wp-json\/wp\/v2\/posts"}],"about":[{"href":"https:\/\/www.minibiblioplus.org\/index.php\/wp-json\/wp\/v2\/types\/post"}],"author":[{"embeddable":true,"href":"https:\/\/www.minibiblioplus.org\/index.php\/wp-json\/wp\/v2\/users\/1"}],"replies":[{"embeddable":true,"href":"https:\/\/www.minibiblioplus.org\/index.php\/wp-json\/wp\/v2\/comments?post=5803"}],"version-history":[{"count":2,"href":"https:\/\/www.minibiblioplus.org\/index.php\/wp-json\/wp\/v2\/posts\/5803\/revisions"}],"predecessor-version":[{"id":5850,"href":"https:\/\/www.minibiblioplus.org\/index.php\/wp-json\/wp\/v2\/posts\/5803\/revisions\/5850"}],"wp:attachment":[{"href":"https:\/\/www.minibiblioplus.org\/index.php\/wp-json\/wp\/v2\/media?parent=5803"}],"wp:term":[{"taxonomy":"category","embeddable":true,"href":"https:\/\/www.minibiblioplus.org\/index.php\/wp-json\/wp\/v2\/categories?post=5803"},{"taxonomy":"post_tag","embeddable":true,"href":"https:\/\/www.minibiblioplus.org\/index.php\/wp-json\/wp\/v2\/tags?post=5803"}],"curies":[{"name":"wp","href":"https:\/\/api.w.org\/{rel}","templated":true}]}}